{"id":24434,"date":"2024-02-20T11:06:43","date_gmt":"2024-02-20T10:06:43","guid":{"rendered":"https:\/\/abi-newsite.azurewebsites.net\/?p=24434"},"modified":"2024-12-03T12:44:24","modified_gmt":"2024-12-03T11:44:24","slug":"ricerca-garante-privacy-abi-su-responsabile-protezione-dati","status":"publish","type":"post","link":"https:\/\/www.abi.it\/en\/ricerca-garante-privacy-abi-su-responsabile-protezione-dati\/","title":{"rendered":"Ricerca Garante Privacy-ABI su Responsabile protezione dati"},"content":{"rendered":"<div data-elementor-type=\"wp-post\" data-elementor-id=\"24434\" class=\"elementor elementor-24434\" data-elementor-post-type=\"post\">\n\t\t\t\t<div class=\"elementor-element elementor-element-858ccfa e-flex e-con-boxed e-con e-parent\" data-id=\"858ccfa\" data-element_type=\"container\" data-e-type=\"container\">\n\t\t\t\t\t<div class=\"e-con-inner\">\n\t\t<div class=\"elementor-element elementor-element-e014536 e-con-full e-flex e-con e-child\" data-id=\"e014536\" data-element_type=\"container\" data-e-type=\"container\">\n\t\t\t\t<div class=\"elementor-element elementor-element-2a4b2df elementor-widget elementor-widget-image\" data-id=\"2a4b2df\" data-element_type=\"widget\" data-e-type=\"widget\" data-widget_type=\"image.default\">\n\t\t\t\t<div class=\"elementor-widget-container\">\n\t\t\t\t\t\t\t\t\t\t\t\t\t\t\t<img decoding=\"async\" width=\"127\" height=\"127\" src=\"\/wp-content\/uploads\/2024\/02\/DOCUMENTO127-1.png\" class=\"attachment-thumbnail size-thumbnail wp-image-24441\" alt=\"\" srcset=\"\/wp-content\/uploads\/2024\/02\/DOCUMENTO127-1.png 127w, \/wp-content\/uploads\/2024\/02\/DOCUMENTO127-1-12x12.png 12w\" sizes=\"(max-width: 127px) 100vw, 127px\" \/>\t\t\t\t\t\t\t\t\t\t\t\t\t\t\t<\/div>\n\t\t\t\t<\/div>\n\t\t\t\t<\/div>\n\t\t<div class=\"elementor-element elementor-element-eeb0ed1 e-con-full e-flex e-con e-child\" data-id=\"eeb0ed1\" data-element_type=\"container\" data-e-type=\"container\">\n\t\t\t\t<div class=\"elementor-element elementor-element-f9c61ca elementor-widget elementor-widget-text-editor\" data-id=\"f9c61ca\" data-element_type=\"widget\" data-e-type=\"widget\" data-widget_type=\"text-editor.default\">\n\t\t\t\t<div class=\"elementor-widget-container\">\n\t\t\t\t\t\t\t\t\t<p><em>(20 febbraio 2024) <\/em>Collocazione rispetto ai vertici aziendali, indipendenza nell\u2019eseguire i propri compiti, autonomia e attribuzione di adeguate risorse umane e finanziarie del Responsabile della protezione dei dati personali (RPD). Sono questi alcuni dei temi affrontati da una ricerca coordinata dall\u2019Associazione Bancaria Italiana (ABI).<\/p>\t\t\t\t\t\t\t\t<\/div>\n\t\t\t\t<\/div>\n\t\t\t\t<\/div>\n\t\t\t\t\t<\/div>\n\t\t\t\t<\/div>\n\t\t<div class=\"elementor-element elementor-element-1d1d9be e-flex e-con-boxed e-con e-parent\" data-id=\"1d1d9be\" data-element_type=\"container\" data-e-type=\"container\">\n\t\t\t\t\t<div class=\"e-con-inner\">\n\t\t\t\t<div class=\"elementor-element elementor-element-93d6341 elementor-widget elementor-widget-text-editor\" data-id=\"93d6341\" data-element_type=\"widget\" data-e-type=\"widget\" data-widget_type=\"text-editor.default\">\n\t\t\t\t<div class=\"elementor-widget-container\">\n\t\t\t\t\t\t\t\t\t<p><\/p><p>La ricerca offre una prima \u201cfotografia\u201d sul ruolo svolto nel settore bancario da questa innovativa figura introdotta in Italia dal Regolamento (UE) 2016\/679.<\/p><p> <\/p><p>L\u2019attivit\u00e0 \u00e8 il primo risultato del progetto, messo in campo da Garante e ABI, di costituzione di una \u201cRete dei Responsabili della protezione dati nel settore bancario\u201d, un gruppo di lavoro permanente, finalizzato al confronto e interscambio informativo tra l\u2019Autorit\u00e0 e i RPD coinvolti nella gestione di trattamenti cos\u00ec complessi.<\/p><p> <\/p><p><em>\u201cNella prospettiva dell\u2019intelligenza artificiale occorrono principi etici, trasparenza, responsabilit\u00e0 sociale per la sicurezza e la protezione dei dati \u2013 afferma il Presidente dell\u2019Abi Antonio Patuelli \u2013 Le banche italiane sono fortemente impegnate in continue innovazioni tecnologiche, investendo nella creazione e diffusione di una cultura della protezione dei dati. Il progetto che ci vede coinvolti \u00e8 il primo esempio della costituzione di una \u2018Rete\u2019 dei Responsabili della protezione dei dati nel settore privato e ci\u00f2 rappresenta per ABI un segnale di forte riconoscimento dell\u2019impegno delle banche. La creazione delle Rete \u00e8 quindi per tutto il mondo bancario occasione per affrontare e approfondire tematiche su cui \u00e8 sempre pi\u00f9 indispensabile ottenere indirizzi chiari, che possano facilitare la conformit\u00e0 alle norme<\/em>\u201d.<\/p><p> <\/p><p><em>\u201cIniziative simili \u2013 afferma il Presidente del Garante Privacy, Pasquale Stanzione &#8211; sono estremamente importanti non soltanto perch\u00e9 rappresentano un\u2019occasione di confronto sull\u2019importanza di una tutela effettiva dei dati personali, ma anche perch\u00e9 consentono di comprendere l\u2019importanza della protezione dei dati per lo sviluppo armonico della nostra societ\u00e0. Il Gdpr <\/em><em>\u2013 continua Stanzione &#8211; nel tentativo di coniugare sviluppo economico, innovazione e dignit\u00e0 umana detta le condizioni per il lecito trattamento dei dati, a tutela della persona ma anche per la libera circolazione dei dati stessi, necessaria per promuovere economia e innovazione. Allo sviluppo crescente di sistemi sempre pi\u00f9 avanzati di analisi ed elaborazione di dati personali nel settore bancario- conclude Stanzione &#8211; si deve quindi accompagnare il potenziamento del ruolo e dei compiti del RPD\u201d.<\/em><\/p><p> <\/p><p>Tornando all\u2019azione condivisa, il Garante ha suggerito al gruppo di lavoro di avviare l\u2019attivit\u00e0 facendo una verifica dello stato di radicamento della funzione di RPD all\u2019interno delle banche a distanza di cinque anni dalla su istituzione. Mediante un questionario <em>ad hoc,<\/em> al quale hanno risposto 87 tra banche individuali e capogruppo di gruppi bancari, sono state proposte domande sulle modalit\u00e0 di designazione, sui requisiti necessari per svolgere i compiti previsti, sulle risorse assegnate, sul suo ruolo e sulla sua posizione nell\u2019ambito dell\u2019organizzazione societaria.<\/p><p> <\/p><p>Dal questionario emerge, tra l\u2019altro, che i RPD sono nominati con un atto di designazione, hanno un\u2019esperienza principalmente di area giuridica, economica e tecnica e un\u2019esperienza tra i 3 e gli 8 anni o pi\u00f9.<\/p><p> <\/p><p>Particolarmente interessante la parte del questionario dedicata a osservazioni e suggerimenti, da cui emergono l\u2019attenzione per i rischi collegati all\u2019intelligenza artificiale e l\u2019esigenza forte di un costante coordinamento tra le Autorit\u00e0 e le normative nazionali ed europee del settore finanziario.<\/p><p> <\/p><p>Il Garante per la protezione ha da sempre posto particolare attenzione alla funzione strategica del RPD, nel favorire l\u2019osservanza della disciplina privacy all\u2019interno delle organizzazioni, e sulla capacit\u00e0 di essere un vero e proprio valore aggiunto all\u2019interno dell\u2019organizzazione aziendale.<\/p><p> <\/p><p>L\u2019Autorit\u00e0 ha, infatti, dedicato agli RPD numerose iniziative informative, a partire dal progetto <a href=\"https:\/\/gpdp.it\/web\/guest\/home\/docweb\/-\/docweb-display\/docweb\/9102282\">T4Data<\/a>, promuovendo anche la creazione di \u201creti di RPD\u201d per settori omogenei, di cui l\u2019iniziativa in ambito bancario rappresenta un significativo esempio.<\/p><p><\/p>\t\t\t\t\t\t\t\t<\/div>\n\t\t\t\t<\/div>\n\t\t\t\t\t<\/div>\n\t\t\t\t<\/div>\n\t\t\t\t<\/div>","protected":false},"excerpt":{"rendered":"<p>The ABI informs its members in a circular letter that has been published on the website of the Civil Protection Department.<\/p>","protected":false},"author":1,"featured_media":0,"comment_status":"closed","ping_status":"open","sticky":false,"template":"","format":"standard","meta":{"_acf_changed":false,"footnotes":""},"categories":[110,106],"tags":[],"class_list":["post-24434","post","type-post","status-publish","format-standard","hentry","category-comunicati","category-notizie"],"acf":[],"yoast_head":"<!-- This site is optimized with the Yoast SEO plugin v27.2 - https:\/\/yoast.com\/product\/yoast-seo-wordpress\/ -->\n<title>Ricerca Garante Privacy-ABI su Responsabile protezione dati - ABI - Associazione Bancaria Italiana<\/title>\n<meta name=\"robots\" content=\"index, follow, max-snippet:-1, max-image-preview:large, max-video-preview:-1\" \/>\n<link rel=\"canonical\" href=\"https:\/\/www.abi.it\/en\/ricerca-garante-privacy-abi-su-responsabile-protezione-dati\/\" \/>\n<meta property=\"og:locale\" content=\"en_GB\" \/>\n<meta property=\"og:type\" content=\"article\" \/>\n<meta property=\"og:title\" content=\"Ricerca Garante Privacy-ABI su Responsabile protezione dati - ABI - Associazione Bancaria Italiana\" \/>\n<meta property=\"og:description\" content=\"L\u2019ABI segnala con una circolare agli Associati che \u00e8 stata pubblicata, sul sito del Dipartimento della Protezione Civile.\" \/>\n<meta property=\"og:url\" content=\"https:\/\/www.abi.it\/en\/ricerca-garante-privacy-abi-su-responsabile-protezione-dati\/\" \/>\n<meta property=\"og:site_name\" content=\"ABI - Associazione Bancaria Italiana\" \/>\n<meta property=\"article:published_time\" content=\"2024-02-20T10:06:43+00:00\" \/>\n<meta property=\"article:modified_time\" content=\"2024-12-03T11:44:24+00:00\" \/>\n<meta name=\"author\" content=\"c.palese@reply.it\" \/>\n<meta name=\"twitter:card\" content=\"summary_large_image\" \/>\n<meta name=\"twitter:label1\" content=\"Written by\" \/>\n\t<meta name=\"twitter:data1\" content=\"c.palese@reply.it\" \/>\n\t<meta name=\"twitter:label2\" content=\"Estimated reading time\" \/>\n\t<meta name=\"twitter:data2\" content=\"3 minutes\" \/>\n<script type=\"application\/ld+json\" class=\"yoast-schema-graph\">{\"@context\":\"https:\/\/schema.org\",\"@graph\":[{\"@type\":\"Article\",\"@id\":\"https:\/\/www.abi.it\/en\/ricerca-garante-privacy-abi-su-responsabile-protezione-dati\/#article\",\"isPartOf\":{\"@id\":\"https:\/\/www.abi.it\/en\/ricerca-garante-privacy-abi-su-responsabile-protezione-dati\/\"},\"author\":{\"name\":\"c.palese@reply.it\",\"@id\":\"https:\/\/www.abi.it\/#\/schema\/person\/093aea15cdede31b924ed769e4c00514\"},\"headline\":\"Ricerca Garante Privacy-ABI su Responsabile protezione dati\",\"datePublished\":\"2024-02-20T10:06:43+00:00\",\"dateModified\":\"2024-12-03T11:44:24+00:00\",\"mainEntityOfPage\":{\"@id\":\"https:\/\/www.abi.it\/en\/ricerca-garante-privacy-abi-su-responsabile-protezione-dati\/\"},\"wordCount\":614,\"articleSection\":[\"Comunicati\",\"Notizie\"],\"inLanguage\":\"en-GB\"},{\"@type\":\"WebPage\",\"@id\":\"https:\/\/www.abi.it\/en\/ricerca-garante-privacy-abi-su-responsabile-protezione-dati\/\",\"url\":\"https:\/\/www.abi.it\/en\/ricerca-garante-privacy-abi-su-responsabile-protezione-dati\/\",\"name\":\"Ricerca Garante Privacy-ABI su Responsabile protezione dati - ABI - Associazione Bancaria Italiana\",\"isPartOf\":{\"@id\":\"https:\/\/www.abi.it\/#website\"},\"datePublished\":\"2024-02-20T10:06:43+00:00\",\"dateModified\":\"2024-12-03T11:44:24+00:00\",\"author\":{\"@id\":\"https:\/\/www.abi.it\/#\/schema\/person\/093aea15cdede31b924ed769e4c00514\"},\"breadcrumb\":{\"@id\":\"https:\/\/www.abi.it\/en\/ricerca-garante-privacy-abi-su-responsabile-protezione-dati\/#breadcrumb\"},\"inLanguage\":\"en-GB\",\"potentialAction\":[{\"@type\":\"ReadAction\",\"target\":[\"https:\/\/www.abi.it\/en\/ricerca-garante-privacy-abi-su-responsabile-protezione-dati\/\"]}]},{\"@type\":\"BreadcrumbList\",\"@id\":\"https:\/\/www.abi.it\/en\/ricerca-garante-privacy-abi-su-responsabile-protezione-dati\/#breadcrumb\",\"itemListElement\":[{\"@type\":\"ListItem\",\"position\":1,\"name\":\"Home\",\"item\":\"https:\/\/abi-newsite.azurewebsites.net\/\"},{\"@type\":\"ListItem\",\"position\":2,\"name\":\"Ricerca Garante Privacy-ABI su Responsabile protezione dati\"}]},{\"@type\":\"WebSite\",\"@id\":\"https:\/\/www.abi.it\/#website\",\"url\":\"https:\/\/www.abi.it\/\",\"name\":\"ABI - Associazione Bancaria Italiana\",\"description\":\"\",\"potentialAction\":[{\"@type\":\"SearchAction\",\"target\":{\"@type\":\"EntryPoint\",\"urlTemplate\":\"https:\/\/www.abi.it\/?s={search_term_string}\"},\"query-input\":{\"@type\":\"PropertyValueSpecification\",\"valueRequired\":true,\"valueName\":\"search_term_string\"}}],\"inLanguage\":\"en-GB\"},{\"@type\":\"Person\",\"@id\":\"https:\/\/www.abi.it\/#\/schema\/person\/093aea15cdede31b924ed769e4c00514\",\"name\":\"c.palese@reply.it\",\"image\":{\"@type\":\"ImageObject\",\"inLanguage\":\"en-GB\",\"@id\":\"https:\/\/secure.gravatar.com\/avatar\/35c86e40302edcaeedd88f729016bde8504e7da47a74e2a30c427835d7d13f88?s=96&d=mm&r=g\",\"url\":\"https:\/\/secure.gravatar.com\/avatar\/35c86e40302edcaeedd88f729016bde8504e7da47a74e2a30c427835d7d13f88?s=96&d=mm&r=g\",\"contentUrl\":\"https:\/\/secure.gravatar.com\/avatar\/35c86e40302edcaeedd88f729016bde8504e7da47a74e2a30c427835d7d13f88?s=96&d=mm&r=g\",\"caption\":\"c.palese@reply.it\"},\"sameAs\":[\"https:\/\/abi-newsite-develop.azurewebsites.net\"],\"url\":\"https:\/\/www.abi.it\/en\/author\/c-palesereply-it\/\"}]}<\/script>\n<!-- \/ Yoast SEO plugin. -->","yoast_head_json":{"title":"Ricerca Garante Privacy-ABI su Responsabile protezione dati - ABI - Associazione Bancaria Italiana","robots":{"index":"index","follow":"follow","max-snippet":"max-snippet:-1","max-image-preview":"max-image-preview:large","max-video-preview":"max-video-preview:-1"},"canonical":"https:\/\/www.abi.it\/en\/ricerca-garante-privacy-abi-su-responsabile-protezione-dati\/","og_locale":"en_GB","og_type":"article","og_title":"Ricerca Garante Privacy-ABI su Responsabile protezione dati - ABI - Associazione Bancaria Italiana","og_description":"L\u2019ABI segnala con una circolare agli Associati che \u00e8 stata pubblicata, sul sito del Dipartimento della Protezione Civile.","og_url":"https:\/\/www.abi.it\/en\/ricerca-garante-privacy-abi-su-responsabile-protezione-dati\/","og_site_name":"ABI - Associazione Bancaria Italiana","article_published_time":"2024-02-20T10:06:43+00:00","article_modified_time":"2024-12-03T11:44:24+00:00","author":"c.palese@reply.it","twitter_card":"summary_large_image","twitter_misc":{"Written by":"c.palese@reply.it","Estimated reading time":"3 minutes"},"schema":{"@context":"https:\/\/schema.org","@graph":[{"@type":"Article","@id":"https:\/\/www.abi.it\/en\/ricerca-garante-privacy-abi-su-responsabile-protezione-dati\/#article","isPartOf":{"@id":"https:\/\/www.abi.it\/en\/ricerca-garante-privacy-abi-su-responsabile-protezione-dati\/"},"author":{"name":"c.palese@reply.it","@id":"https:\/\/www.abi.it\/#\/schema\/person\/093aea15cdede31b924ed769e4c00514"},"headline":"Ricerca Garante Privacy-ABI su Responsabile protezione dati","datePublished":"2024-02-20T10:06:43+00:00","dateModified":"2024-12-03T11:44:24+00:00","mainEntityOfPage":{"@id":"https:\/\/www.abi.it\/en\/ricerca-garante-privacy-abi-su-responsabile-protezione-dati\/"},"wordCount":614,"articleSection":["Comunicati","Notizie"],"inLanguage":"en-GB"},{"@type":"WebPage","@id":"https:\/\/www.abi.it\/en\/ricerca-garante-privacy-abi-su-responsabile-protezione-dati\/","url":"https:\/\/www.abi.it\/en\/ricerca-garante-privacy-abi-su-responsabile-protezione-dati\/","name":"Ricerca Garante Privacy-ABI su Responsabile protezione dati - ABI - Associazione Bancaria Italiana","isPartOf":{"@id":"https:\/\/www.abi.it\/#website"},"datePublished":"2024-02-20T10:06:43+00:00","dateModified":"2024-12-03T11:44:24+00:00","author":{"@id":"https:\/\/www.abi.it\/#\/schema\/person\/093aea15cdede31b924ed769e4c00514"},"breadcrumb":{"@id":"https:\/\/www.abi.it\/en\/ricerca-garante-privacy-abi-su-responsabile-protezione-dati\/#breadcrumb"},"inLanguage":"en-GB","potentialAction":[{"@type":"ReadAction","target":["https:\/\/www.abi.it\/en\/ricerca-garante-privacy-abi-su-responsabile-protezione-dati\/"]}]},{"@type":"BreadcrumbList","@id":"https:\/\/www.abi.it\/en\/ricerca-garante-privacy-abi-su-responsabile-protezione-dati\/#breadcrumb","itemListElement":[{"@type":"ListItem","position":1,"name":"Home","item":"https:\/\/abi-newsite.azurewebsites.net\/"},{"@type":"ListItem","position":2,"name":"Ricerca Garante Privacy-ABI su Responsabile protezione dati"}]},{"@type":"WebSite","@id":"https:\/\/www.abi.it\/#website","url":"https:\/\/www.abi.it\/","name":"ABI - Italian Banking Association","description":"","potentialAction":[{"@type":"SearchAction","target":{"@type":"EntryPoint","urlTemplate":"https:\/\/www.abi.it\/?s={search_term_string}"},"query-input":{"@type":"PropertyValueSpecification","valueRequired":true,"valueName":"search_term_string"}}],"inLanguage":"en-GB"},{"@type":"Person","@id":"https:\/\/www.abi.it\/#\/schema\/person\/093aea15cdede31b924ed769e4c00514","name":"c.palese@reply.it","image":{"@type":"ImageObject","inLanguage":"en-GB","@id":"https:\/\/secure.gravatar.com\/avatar\/35c86e40302edcaeedd88f729016bde8504e7da47a74e2a30c427835d7d13f88?s=96&d=mm&r=g","url":"https:\/\/secure.gravatar.com\/avatar\/35c86e40302edcaeedd88f729016bde8504e7da47a74e2a30c427835d7d13f88?s=96&d=mm&r=g","contentUrl":"https:\/\/secure.gravatar.com\/avatar\/35c86e40302edcaeedd88f729016bde8504e7da47a74e2a30c427835d7d13f88?s=96&d=mm&r=g","caption":"c.palese@reply.it"},"sameAs":["https:\/\/abi-newsite-develop.azurewebsites.net"],"url":"https:\/\/www.abi.it\/en\/author\/c-palesereply-it\/"}]}},"_links":{"self":[{"href":"https:\/\/www.abi.it\/en\/wp-json\/wp\/v2\/posts\/24434","targetHints":{"allow":["GET"]}}],"collection":[{"href":"https:\/\/www.abi.it\/en\/wp-json\/wp\/v2\/posts"}],"about":[{"href":"https:\/\/www.abi.it\/en\/wp-json\/wp\/v2\/types\/post"}],"author":[{"embeddable":true,"href":"https:\/\/www.abi.it\/en\/wp-json\/wp\/v2\/users\/1"}],"replies":[{"embeddable":true,"href":"https:\/\/www.abi.it\/en\/wp-json\/wp\/v2\/comments?post=24434"}],"version-history":[{"count":5,"href":"https:\/\/www.abi.it\/en\/wp-json\/wp\/v2\/posts\/24434\/revisions"}],"predecessor-version":[{"id":24645,"href":"https:\/\/www.abi.it\/en\/wp-json\/wp\/v2\/posts\/24434\/revisions\/24645"}],"wp:attachment":[{"href":"https:\/\/www.abi.it\/en\/wp-json\/wp\/v2\/media?parent=24434"}],"wp:term":[{"taxonomy":"category","embeddable":true,"href":"https:\/\/www.abi.it\/en\/wp-json\/wp\/v2\/categories?post=24434"},{"taxonomy":"post_tag","embeddable":true,"href":"https:\/\/www.abi.it\/en\/wp-json\/wp\/v2\/tags?post=24434"}],"curies":[{"name":"wp","href":"https:\/\/api.w.org\/{rel}","templated":true}]}}