{"id":56522,"date":"2026-03-31T15:10:12","date_gmt":"2026-03-31T13:10:12","guid":{"rendered":"https:\/\/abi-newsite.azurewebsites.net\/?p=56522"},"modified":"2026-03-31T15:14:56","modified_gmt":"2026-03-31T13:14:56","slug":"i-giovani-e-la-cultura-consumi-e-tendenze-degli-under-28-in-italia-di-chiara-mancini-e-francesco-di-marco","status":"publish","type":"post","link":"https:\/\/www.abi.it\/en\/i-giovani-e-la-cultura-consumi-e-tendenze-degli-under-28-in-italia-di-chiara-mancini-e-francesco-di-marco\/","title":{"rendered":"I giovani e la cultura: consumi e tendenze degli under 28 in Italia di Chiara Mancini e Francesco Di Marco"},"content":{"rendered":"<div data-elementor-type=\"wp-post\" data-elementor-id=\"56522\" class=\"elementor elementor-56522\" data-elementor-post-type=\"post\">\n\t\t\t\t<div class=\"elementor-element elementor-element-5a8a5f1 e-flex e-con-boxed e-con e-parent\" data-id=\"5a8a5f1\" data-element_type=\"container\" data-e-type=\"container\">\n\t\t\t\t\t<div class=\"e-con-inner\">\n\t\t<div class=\"elementor-element elementor-element-8a36526 e-con-full elementor-hidden-tablet_extra elementor-hidden-tablet elementor-hidden-mobile_extra elementor-hidden-mobile e-flex e-con e-child\" data-id=\"8a36526\" data-element_type=\"container\" data-e-type=\"container\">\n\t\t\t\t<\/div>\n\t\t<div class=\"elementor-element elementor-element-ff9fd06 e-con-full e-flex e-con e-child\" data-id=\"ff9fd06\" data-element_type=\"container\" data-e-type=\"container\">\n\t\t<article class=\"elementor-element elementor-element-6f09580 section e-con-full e-flex e-con e-child\" data-id=\"6f09580\" data-element_type=\"container\" data-e-type=\"container\" data-settings=\"{&quot;background_background&quot;:&quot;classic&quot;}\">\n\t\t\t\t<div class=\"elementor-element elementor-element-589e382 elementor-widget elementor-widget-heading\" data-id=\"589e382\" data-element_type=\"widget\" data-e-type=\"widget\" data-widget_type=\"heading.default\">\n\t\t\t\t<div class=\"elementor-widget-container\">\n\t\t\t\t\t<h1 class=\"elementor-heading-title elementor-size-default\">I giovani e la cultura: consumi e tendenze\ndegli under 28 in Italia<\/h1>\t\t\t\t<\/div>\n\t\t\t\t<\/div>\n\t\t\t\t<div class=\"elementor-element elementor-element-d5991dc elementor-widget elementor-widget-pxl_text_editor\" data-id=\"d5991dc\" data-element_type=\"widget\" data-e-type=\"widget\" data-widget_type=\"pxl_text_editor.default\">\n\t\t\t\t<div class=\"elementor-widget-container\">\n\t\t\t\t\t<div class=\"pxl-text-editor\">\n\t<div class=\"pxl-item--inner\" data-wow-delay=\"ms\">\n\t\t<p class=\"xmsonormal\" style=\"margin: 0cm\"><strong>Chiara Mancini<\/strong>, <strong>Francesco Di Marco<\/strong>, ABI<\/p>\t\t\n\t<\/div>\n<\/div>\t\t\t\t<\/div>\n\t\t\t\t<\/div>\n\t\t\t\t<\/article>\n\t\t\t\t<div class=\"elementor-element elementor-element-8ed2499 elementor-widget elementor-widget-pxl_text_editor\" data-id=\"8ed2499\" data-element_type=\"widget\" data-e-type=\"widget\" data-widget_type=\"pxl_text_editor.default\">\n\t\t\t\t<div class=\"elementor-widget-container\">\n\t\t\t\t\t<div class=\"pxl-text-editor\">\n\t<div class=\"pxl-item--inner\" data-wow-delay=\"ms\">\n\t\t<p>Un\u2019inedita rappresentazione delle tendenze dei consumi culturali, espressione dei bisogni della componente giovanile della popolazione. Questo emerge dalla ricerca \u00abI consumi culturali delle generazioni Z e Alpha in Italia e all\u2019estero\u00bb, presentata ad \u00e8 cultura!, manifestazione promossa da ABI e Acri con la partecipazione delle banche. Dalla ricerca emerge che nella fase post pandemica il contributo delle giovani generazioni \u2013 anche per una fruizione all\u2019interno di programmi scolastici \u2013 \u00e8 risultato molto significativo per la ripresa dei consumi culturali. Tale corpus di evidenze si rivolge dunque agli operatori attivi nell\u2019industria culturale, incluse le fondazioni di origine bancaria e le banche, quale base di riflessione per tracciare nuovi percorsi nella definizione e affinamento delle strategie di offerta. Traducendo le future proposte di contenuti in nuovi linguaggi e canoni in grado di rendere l\u2019offerta culturale ancor pi\u00f9 in linea con bisogni sia innovativi che tradizionali.<\/p>\t\t\n\t<\/div>\n<\/div>\t\t\t\t<\/div>\n\t\t\t\t<\/div>\n\t\t\t\t<div class=\"elementor-element elementor-element-99a0cdc elementor-widget elementor-widget-heading\" data-id=\"99a0cdc\" data-element_type=\"widget\" data-e-type=\"widget\" data-widget_type=\"heading.default\">\n\t\t\t\t<div class=\"elementor-widget-container\">\n\t\t\t\t\t<h3 class=\"elementor-heading-title elementor-size-default\">1. La ricerca<\/h3>\t\t\t\t<\/div>\n\t\t\t\t<\/div>\n\t\t\t\t<div class=\"elementor-element elementor-element-d32b19c elementor-widget elementor-widget-pxl_text_editor\" data-id=\"d32b19c\" data-element_type=\"widget\" data-e-type=\"widget\" data-widget_type=\"pxl_text_editor.default\">\n\t\t\t\t<div class=\"elementor-widget-container\">\n\t\t\t\t\t<div class=\"pxl-text-editor\">\n\t<div class=\"pxl-item--inner\" data-wow-delay=\"ms\">\n\t\t<p>Nativi digitali ma con radici profonde, da cui derivano abitudini e modalit\u00e0 di relazione con i contenuti culturali e informativi talvolta sorprendenti e non sempre in discontinuit\u00e0 rispetto a modelli pi\u00f9 tradizionali. Legati inevitabilmente alla tecnologia ma anche appassionati frequentatori di eventi ed esperienze dal vivo. E, soprattutto, vivaci consumatori di contenuti culturali, sebbene con diverse e, inevitabilmente, pi\u00f9 innovative modalit\u00e0. Questa la fotografia degli under 28 che emerge dalla ricerca \u00abI consumi culturali delle generazioni Z e Alpha in Italia e all\u2019estero\u00bb, presentata in occasione dell\u2019edizione 2025 della manifestazione \u00e8 cultura!, promossa da ABI e Acri con la partecipazione delle banche operanti in Italia, delle fondazioni di origine bancaria e della Banca d\u2019Italia e organizzata con ABIServizi in collaborazione con la Fondazione per l\u2019Educazione Finanziaria e al Risparmio &#8211; FEduF.<\/p>\t\t\n\t<\/div>\n<\/div>\t\t\t\t<\/div>\n\t\t\t\t<\/div>\n\t\t\t\t<div class=\"elementor-element elementor-element-9ad7ea0 elementor-widget elementor-widget-heading\" data-id=\"9ad7ea0\" data-element_type=\"widget\" data-e-type=\"widget\" data-widget_type=\"heading.default\">\n\t\t\t\t<div class=\"elementor-widget-container\">\n\t\t\t\t\t<h3 class=\"elementor-heading-title elementor-size-default\">2. Il legame con \u00e8 cultura!<\/h3>\t\t\t\t<\/div>\n\t\t\t\t<\/div>\n\t\t\t\t<div class=\"elementor-element elementor-element-59d40aa elementor-widget elementor-widget-pxl_text_editor\" data-id=\"59d40aa\" data-element_type=\"widget\" data-e-type=\"widget\" data-widget_type=\"pxl_text_editor.default\">\n\t\t\t\t<div class=\"elementor-widget-container\">\n\t\t\t\t\t<div class=\"pxl-text-editor\">\n\t<div class=\"pxl-item--inner\" data-wow-delay=\"ms\">\n\t\t<p>La ricerca, curata dal professor Guido Guerzoni, docente di Heritage, Museums, and Digital Cultures presso l\u2019Universit\u00e0 Luigi Bocconi, si innesta nel fertile contesto animato da \u00e8 cultura!, festival promosso da ABI che si propone ad appassionati e agli operatori culturali privati e pubblici quale spazio vivo di confronto e approfondimento, aperto a tutti, teso alla promozione della conoscenza, del dialogo e della partecipazione. Lo studio esplora le caratteristiche dell\u2019offerta culturale, in Italia e oltreconfine, e analizza interessi, gusti e abitudini della popolazione e, in particolare, della sua componente giovanile: una generazione comunemente ritenuta sfuggente e molto legata alle tecnologie ma che risulta invece particolarmente attiva sul piano culturale, di fatto trainando i consumi culturali in Italia. Tutto ci\u00f2 a dispetto di una consistenza significativa (gli appartenenti alle Gen Z e Alpha sono quasi 12 milioni) ma costantemente in contrazione negli ultimi due decenni per effetto del calo del tasso di natalit\u00e0 e, comunque, numericamente inferiore rispetto a tutte le altre componenti della societ\u00e0 italiana.<\/p>\t\t\n\t<\/div>\n<\/div>\t\t\t\t<\/div>\n\t\t\t\t<\/div>\n\t\t\t\t<div class=\"elementor-element elementor-element-0b98a35 elementor-widget elementor-widget-heading\" data-id=\"0b98a35\" data-element_type=\"widget\" data-e-type=\"widget\" data-widget_type=\"heading.default\">\n\t\t\t\t<div class=\"elementor-widget-container\">\n\t\t\t\t\t<h3 class=\"elementor-heading-title elementor-size-default\">3. Focus su Gen Z e Alpha<\/h3>\t\t\t\t<\/div>\n\t\t\t\t<\/div>\n\t\t\t\t<div class=\"elementor-element elementor-element-7fd0e1a elementor-widget elementor-widget-pxl_text_editor\" data-id=\"7fd0e1a\" data-element_type=\"widget\" data-e-type=\"widget\" data-widget_type=\"pxl_text_editor.default\">\n\t\t\t\t<div class=\"elementor-widget-container\">\n\t\t\t\t\t<div class=\"pxl-text-editor\">\n\t<div class=\"pxl-item--inner\" data-wow-delay=\"ms\">\n\t\t<p>E proprio alla luce della peculiarit\u00e0 di questo segmento della popolazione, a oggi non ancora analizzato eppure cos\u00ec ricettivo nei confronti delle tendenze della contemporaneit\u00e0, gli ideatori della ricerca hanno inteso realizzare la prima indagine organica sul sistema di offerta, sui gusti e sulla domanda di cultura, informazione e intrattenimento degli appartenenti alle generazioni dei nati rispettivamente dal 1997 al 2009 (Generazione Zeta) e dal 2010 (Generazione Alpha), sia nel contesto italiano che internazionale. Ne \u00e8 scaturita una rappresentazione in parte inattesa: le generazioni esaminate, accomunate dall\u2019essere native digitali, apprezzano la lettura e fruiscono di contenuti sia in formato digitale che cartaceo. Al contempo, coltivano il piacere dell\u2019ascolto, per quanto di podcast anzich\u00e9 radio tradizionali. Cresciuti con computer e smartphone come strumenti di riferimento, ragazze e ragazzi delle generazioni Zeta e Alpha sono appassionati frequentatori degli eventi dal vivo, in primis concerti e spettacoli. La ricerca offre dunque un\u2019inedita rappresentazione delle tendenze dei consumi culturali e fotografa un insieme di bisogni che presenta accenti pi\u00f9 vivaci nella componente giovanile della popolazione. Nella fase post pandemica le generazioni Zeta e Alpha hanno infatti trainato, anche per effetto di una fruizione all\u2019interno di programmi scolastici, la ripresa dei consumi culturali, in particolare spettacoli teatrali e concerti: i maggiori frequentatori di teatri, cinema e concerti nel 2023 sono appartenuti alla fascia degli under 25. L\u2019interesse delle generazioni giovanili nei confronti degli eventi dal vivo si presta a tante interpretazioni e quasi lascia intravedere la possibilit\u00e0 che tale propensione, in qualche modo, sia funzionale a compensare una preponderante focalizzazione su canali e contenuti digitali, nel quotidiano.<\/p>\t\t\n\t<\/div>\n<\/div>\t\t\t\t<\/div>\n\t\t\t\t<\/div>\n\t\t\t\t<div class=\"elementor-element elementor-element-4304b19 elementor-widget elementor-widget-heading\" data-id=\"4304b19\" data-element_type=\"widget\" data-e-type=\"widget\" data-widget_type=\"heading.default\">\n\t\t\t\t<div class=\"elementor-widget-container\">\n\t\t\t\t\t<h3 class=\"elementor-heading-title elementor-size-default\">4. La dimensione digitale: relazione tra\nreale e virtuale<\/h3>\t\t\t\t<\/div>\n\t\t\t\t<\/div>\n\t\t\t\t<div class=\"elementor-element elementor-element-5d3005a elementor-widget elementor-widget-pxl_text_editor\" data-id=\"5d3005a\" data-element_type=\"widget\" data-e-type=\"widget\" data-widget_type=\"pxl_text_editor.default\">\n\t\t\t\t<div class=\"elementor-widget-container\">\n\t\t\t\t\t<div class=\"pxl-text-editor\">\n\t<div class=\"pxl-item--inner\" data-wow-delay=\"ms\">\n\t\t<p>Allo stesso tempo, il fatto che gli under 25 siano i maggiori utilizzatori di personal computer e Internet determina, per questa componente della popolazione, una spiccata presenza digitale che non ha eguali nel resto della popolazione e che segna, inevitabilmente, una differenza con le altre fasce di et\u00e0, alimentando forme di consumi culturali tradizionalmente meno considerate, ad esempio videogiochi e podcast, che impegnano buona parte del tempo libero di ragazze e ragazzi. Il digitale non \u00e8 solo strumento di socializzazione ma funge anche da piattaforma di condivisione e scoperta di passioni e interessi culturali: la ricerca menziona, ad esempio, il fenomeno di BookTok, sottocomunit\u00e0 di TikTok dedicata alla lettura nella quale gli utenti condividono consigli, recensioni e contenuti originali. Dimensione digitale e ambito fisico divengono dunque dimensioni non confliggenti ma anzi complementari: consentono agli under 25 di declinare in modi diversi gli stili di fruizione culturale, generando maggior coinvolgimento. Reale e virtuale, dunque, come due dimensioni non in conflitto, ma come ambiti paralleli che convivono e si intersecano costantemente: \u00abLe generazioni Z e Alpha \u2013 si legge in un passaggio della ricerca \u2013 pur essendo \u201cnative digitali\u201d, cresciute con smartphone e computer e segnate da eventi come il Covid-19, hanno una percezione fluida tra vita reale e virtuale. (\u2026) Diventa quindi cruciale elaborare strategie di coinvolgimento giovanile che non si limitino a elementi virtuali, ma che forniscano anche un\u2019esperienza reale, e che in tal senso si consolidi una conoscenza maggiore delle preferenze di queste generazioni da parte delle Istituzioni culturali\u00bb.<\/p>\t\t\n\t<\/div>\n<\/div>\t\t\t\t<\/div>\n\t\t\t\t<\/div>\n\t\t\t\t<div class=\"elementor-element elementor-element-0540ac4 elementor-widget elementor-widget-heading\" data-id=\"0540ac4\" data-element_type=\"widget\" data-e-type=\"widget\" data-widget_type=\"heading.default\">\n\t\t\t\t<div class=\"elementor-widget-container\">\n\t\t\t\t\t<h3 class=\"elementor-heading-title elementor-size-default\">5. I dati sui consumi culturali<\/h3>\t\t\t\t<\/div>\n\t\t\t\t<\/div>\n\t\t\t\t<div class=\"elementor-element elementor-element-0e1ba54 elementor-widget elementor-widget-pxl_text_editor\" data-id=\"0e1ba54\" data-element_type=\"widget\" data-e-type=\"widget\" data-widget_type=\"pxl_text_editor.default\">\n\t\t\t\t<div class=\"elementor-widget-container\">\n\t\t\t\t\t<div class=\"pxl-text-editor\">\n\t<div class=\"pxl-item--inner\" data-wow-delay=\"ms\">\n\t\t<p>Con riferimento ai consumi culturali in generale, nella ricerca la classe di et\u00e0 pi\u00f9 attiva \u00e8 quella degli under 25: la quota preponderante dei visitatori di mostre e musei appartiene alla fascia 11-19 anni, mentre il 70% degli under 25 frequenta i cinema. Fanno eccezione alcune tipologie di consumo legate a mezzi di comunicazione meno familiari per le generazioni pi\u00f9 giovani, come la carta stampata e la radio, invece preferiti da utenti pi\u00f9 adulti, con una percentuale di fruizione che aumenta progressivamente con l\u2019et\u00e0. La lettura dei quotidiani rimane infatti prerogativa delle generazioni pi\u00f9 anziane, mentre quelle pi\u00f9 giovani utilizzano canali informativi alternativi, che includono per\u00f2 le pagine social dei quotidiani. I contenuti veicolati dai media tradizionali possono dunque essere fruiti dai pi\u00f9 giovani ma in modalit\u00e0 innovative, ad esempio podcast o tramite social media. Analizzando nel dettaglio i consumi informativi per mezzo di comunicazione, il primato \u2013 con riferimento a tutte le fasce d\u2019et\u00e0 tranne gli over 65, i quali si affidano in quasi due casi su tre alla televisione quale principale fonte di informazione \u2013 spetta a Internet, a conferma della rilevanza acquisita dall\u2019informazione online. I quotidiani, come gi\u00e0 accennato, sono prediletti dalla fascia di popolazione pi\u00f9 matura (li sfoglia il 24,90% degli over 65 e il 18,10% della fascia 50-64 anni). La radio resta un canale di riferimento per la componente di popolazione dai 35 ai 64 anni, praticamente con percentuali medesime a quelle dei quotidiani nella distribuzione dei consumi informativi preferiti per fascia di et\u00e0: 13,30% radio rispetto a 12,90% quotidiani fra 35 e 49 anni e 18,00% radio rispetto a 18,10% quotidiani tra i 49 e i 64 anni. Si pu\u00f2 immaginare che la radio prevalga in quanto fruibile in mobilit\u00e0 durante gli spostamenti quotidiani per finalit\u00e0 di lavoro. E se nel prediligere Internet quale prioritario canale informativo gli esponenti delle generazioni Zeta e Alpha non si distinguono dal resto della popolazione, visto che la lettura delle notizie resta comunque per tutti la modalit\u00e0 preferita di reperimento delle informazioni su Internet, con oltre il 50% di incidenza in ogni classe di et\u00e0, a segnare una netta differenza con le generazioni pi\u00f9 mature sono invece le modalit\u00e0 di ricerca, acquisizione e utilizzo delle notizie: i pi\u00f9 giovani leggono meno e preferiscono l\u2019ascolto o la visione di contenuti audiovisivi. Nel dettaglio, l\u2019incidenza della lettura quale modalit\u00e0 preferita di ottenimento delle informazioni si attesta al 53,80% della fascia 14-24 anni e poi sale, progressivamente, al 60,50% nella fascia 25-34 anni, al 67,00% nella fascia 35- 49 anni, al 71,40% nella fascia 50-64 anni, sino al valore massimo del 75,00% per gli over 65. La fruizione di contenuti visivi raggiunge un livello massimo di incidenza (pari al 29,40%) per i 14-24enni e uno minimo (pari al 17,20%) per gli ultrasessantacinquenni. L\u2019ascolto di contenuti informativi \u00e8 minoritario in ogni classe di et\u00e0 ma comunque maggiormente diffuso presso i pi\u00f9 giovani, con una incidenza del 16,90% nella fascia 14-24 anni e del 15,70% nella fascia 25-34 anni, per divenire residuale (a fronte di una incidenza del 7,80%) per gli over 65.<\/p>\t\t\n\t<\/div>\n<\/div>\t\t\t\t<\/div>\n\t\t\t\t<\/div>\n\t\t\t\t<div class=\"elementor-element elementor-element-46ff7b9 elementor-widget elementor-widget-heading\" data-id=\"46ff7b9\" data-element_type=\"widget\" data-e-type=\"widget\" data-widget_type=\"heading.default\">\n\t\t\t\t<div class=\"elementor-widget-container\">\n\t\t\t\t\t<h3 class=\"elementor-heading-title elementor-size-default\">6. Prodotti editoriali: stili e tendenze\ndi lettura<\/h3>\t\t\t\t<\/div>\n\t\t\t\t<\/div>\n\t\t\t\t<div class=\"elementor-element elementor-element-a952e1e elementor-widget elementor-widget-pxl_text_editor\" data-id=\"a952e1e\" data-element_type=\"widget\" data-e-type=\"widget\" data-widget_type=\"pxl_text_editor.default\">\n\t\t\t\t<div class=\"elementor-widget-container\">\n\t\t\t\t\t<div class=\"pxl-text-editor\">\n\t<div class=\"pxl-item--inner\" data-wow-delay=\"ms\">\n\t\t<p>Se dunque la lettura, sia pure di testi digitali e non fisici, resta modalit\u00e0 prevalente per acquisire informazioni, come si traduce tale attitudine nel rapporto con i prodotti editoriali? Secondo i dati pi\u00f9 aggiornati, nel 2023 la percentuale di italiani che hanno letto almeno un libro per motivi non scolastici o di lavoro \u00e8 leggermente salita, di quasi un punto percentuale, al 40%. Diversificate le abitudini di lettura, che vedono i consumi di libri pi\u00f9 alti fra le donne e, in generale, presso la quota di popolazione laureata e residente al Nord Italia. Con riferimento alle generazioni Zeta e Alpha, gli ultimi dati al 2023 segnalano che i lettori pi\u00f9 dediti appartengono proprio a questi due segmenti: tra 6 e 24 anni il 52% ha letto almeno un libro nei dodici mesi precedenti, percentuale che scende al 43% (comunque sopra la media del 2023, pari al 40,1%) per la fascia di et\u00e0 compresa tra 25 e 44 anni. Avanzando con l\u2019et\u00e0, le percentuali scendono al 39,4% nella fascia 45-64 anni e al 29,5% per gli over 65. Cosa incide sulla propensione alla lettura? Il livello di istruzione \u00e8 senz\u2019altro una variabile rilevante: tra i laureati, la quota di chi ha letto almeno un libro nell\u2019ultimo anno si attesta al 71%. Ulteriore elemento discriminante sembra essere la collocazione geografica: l\u2019abitudine alla lettura si riscontra maggiormente nelle Regioni delle aree Nord-Ovest e Nord-Est della penisola (per entrambe le macroaree si rileva una quota del 47%) e inferiore nel Mezzogiorno e nelle Isole (rispettivamente 28,4% e 28,6%). Un elemento determinante sembra essere la ricchezza di offerta di librerie e biblioteche, significativamente pi\u00f9 presenti nelle citt\u00e0 con maggior popolazione e nel Centro-Nord d\u2019Italia.<\/p>\t\t\n\t<\/div>\n<\/div>\t\t\t\t<\/div>\n\t\t\t\t<\/div>\n\t\t\t\t<div class=\"elementor-element elementor-element-3a674d4 elementor-widget elementor-widget-heading\" data-id=\"3a674d4\" data-element_type=\"widget\" data-e-type=\"widget\" data-widget_type=\"heading.default\">\n\t\t\t\t<div class=\"elementor-widget-container\">\n\t\t\t\t\t<h3 class=\"elementor-heading-title elementor-size-default\">7. L\u2019intrattenimento dal vivo<\/h3>\t\t\t\t<\/div>\n\t\t\t\t<\/div>\n\t\t\t\t<div class=\"elementor-element elementor-element-0f6a3e9 elementor-widget elementor-widget-pxl_text_editor\" data-id=\"0f6a3e9\" data-element_type=\"widget\" data-e-type=\"widget\" data-widget_type=\"pxl_text_editor.default\">\n\t\t\t\t<div class=\"elementor-widget-container\">\n\t\t\t\t\t<div class=\"pxl-text-editor\">\n\t<div class=\"pxl-item--inner\" data-wow-delay=\"ms\">\n\t\t<p>Se la lettura pu\u00f2 immaginarsi quale attivit\u00e0 intima e domestica, anche se non necessariamente, il superamento dell\u2019emergenza pandemica \u00e8 stato segnato, come fotografa la ricerca, da una costante crescita di pubblico nel comparto dell\u2019intrattenimento, con specifico riferimento a cinema e spettacoli dal vivo. Nel 2023 entrambe le tipologie di intrattenimento hanno registrato un ritorno del pubblico, anche per effetto di una aumentata offerta di contenuti (per quanto, nel caso del cinema, con numeri ed entit\u00e0 della spesa inferiori ai valori ante Covid). E anche in tale ambito il primato va alle fasce pi\u00f9 giovani: oltre il 70% degli under 25 \u00e8 stato almeno una volta al cinema, nel 2023, contro una media del 30% degli over 55. Anche relativamente agli spettacoli teatrali la propensione alla partecipazione vede i giovani in testa: nella fascia tra 20 e 24 anni il 19,3% \u00e8 stato almeno una volta a teatro a fronte del 15% della popolazione tra 65 e 74 anni. Quanto agli spettacoli dal vivo, la cui offerta si \u00e8 inevitabilmente incrementata tra 2021 e 2023, di pari passo con il superamento delle restrizioni legate all\u2019emergenza pandemica, sono i concerti musicali che hanno fatto segnare le percentuali pi\u00f9 elevate ad appannaggio delle fasce giovanili: nel 2023 il 45% dei giovani tra 18 e 24 anni ha preso parte a un concerto di musica non classica a fronte del 18% nella fascia 55-64 anni. La preminenza della partecipazione delle fasce pi\u00f9 giovani si riscontra anche nei concerti di musica classica, per i quali il segmento dei 20-24 anni fa segnare una media del 16% a dispetto di un 11% per la fascia 55-59 anni.<\/p>\t\t\n\t<\/div>\n<\/div>\t\t\t\t<\/div>\n\t\t\t\t<\/div>\n\t\t\t\t<div class=\"elementor-element elementor-element-95ffc26 elementor-widget elementor-widget-heading\" data-id=\"95ffc26\" data-element_type=\"widget\" data-e-type=\"widget\" data-widget_type=\"heading.default\">\n\t\t\t\t<div class=\"elementor-widget-container\">\n\t\t\t\t\t<h3 class=\"elementor-heading-title elementor-size-default\">8. Universo podcast <\/h3>\t\t\t\t<\/div>\n\t\t\t\t<\/div>\n\t\t\t\t<div class=\"elementor-element elementor-element-15a7020 elementor-widget elementor-widget-pxl_text_editor\" data-id=\"15a7020\" data-element_type=\"widget\" data-e-type=\"widget\" data-widget_type=\"pxl_text_editor.default\">\n\t\t\t\t<div class=\"elementor-widget-container\">\n\t\t\t\t\t<div class=\"pxl-text-editor\">\n\t<div class=\"pxl-item--inner\" data-wow-delay=\"ms\">\n\t\t<p>Una menzione, infine, per un ambito nuovo e molto dinamico quale quello dei podcast. Partiamo dai numeri generali: le statistiche richiamate nella ricerca riferiscono che in Italia il numero di ascoltatori di podcast \u00e8 cresciuto enormemente tra 2018 e 2024, passando da 10,3 milioni di utenti a 17,2 milioni: +67% in sei anni. L\u2019ascolto periodico \u00e8 diffuso in prevalenza tra gli uomini (56%) contro il 43% di donne ma dal confronto con i dati sul consumo di altri prodotti culturali emerge un maggiore interesse del pubblico femminile. Anche relativamente ai podcast emergono comportamenti peculiari da parte degli esponenti delle fasce pi\u00f9 giovani di popolazione, che di base trascorrono molto tempo online: il 44% degli utenti di Spotify appartenenti alla Generazione Zeta ha assistito a un concerto nell\u2019ultimo anno e oltre la met\u00e0 ha partecipato di persona a eventi quali \u00ablistening party\u00bb in concomitanza con l\u2019uscita di un nuovo album o brano.<\/p>\t\t\n\t<\/div>\n<\/div>\t\t\t\t<\/div>\n\t\t\t\t<\/div>\n\t\t\t\t<div class=\"elementor-element elementor-element-4a49ee7 elementor-widget elementor-widget-heading\" data-id=\"4a49ee7\" data-element_type=\"widget\" data-e-type=\"widget\" data-widget_type=\"heading.default\">\n\t\t\t\t<div class=\"elementor-widget-container\">\n\t\t\t\t\t<h3 class=\"elementor-heading-title elementor-size-default\">9. Italia e realt\u00e0 straniere a confronto<\/h3>\t\t\t\t<\/div>\n\t\t\t\t<\/div>\n\t\t\t\t<div class=\"elementor-element elementor-element-c93b8e9 elementor-widget elementor-widget-pxl_text_editor\" data-id=\"c93b8e9\" data-element_type=\"widget\" data-e-type=\"widget\" data-widget_type=\"pxl_text_editor.default\">\n\t\t\t\t<div class=\"elementor-widget-container\">\n\t\t\t\t\t<div class=\"pxl-text-editor\">\n\t<div class=\"pxl-item--inner\" data-wow-delay=\"ms\">\n\t\t<p>La ricerca opera anche un interessante confronto con realt\u00e0 straniere, europee e oltreoceano. Con riferimento alle nazioni europee, nell\u2019intervallo 2015-2022 la partecipazione ad attivit\u00e0 culturali \u00e8 risultata in calo pressoch\u00e9 ovunque (in Italia la quota di consumo di attivit\u00e0 culturali \u00e8 calata dal 46,9% al 36,8% della popolazione), con la sola eccezione della Spagna, che ha mantenuto un valore stabile al 58,5%. Le regressioni pi\u00f9 evidenti si sono verificate in Francia, Slovacchia, Lettonia e Svezia, dove la quota di popolazione che partecipa ad attivit\u00e0 culturali \u00e8 diminuita di oltre 20 punti percentuali. I paesi con i maggiori livelli di partecipazione sono risultati, nel 2022, Lussemburgo e Danimarca, rispettivamente con livelli pari al 77,7% e al 77,3%. In generale, livelli maggiori si riscontrano nelle nazioni settentrionali (Scandinavia, Estonia, Paesi Bassi, Irlanda). Anche nel contesto estero il fattore anagrafico influenza la partecipazione culturale delle persone, che diminuisce con il progredire dell\u2019et\u00e0. Nel 2015 la percentuale di consumatori culturali tra i 16 e i 29 anni era almeno doppia rispetto a quella degli over 65 in quindici Nazioni europee; lo stesso rapporto si \u00e8 presentato in venti Stati, nel 2022. In dettaglio, nel 2022 i tassi di partecipazione pi\u00f9 elevati sono stati riscontrati in Lussemburgo (89%) e nei Paesi Bassi (86,9%).<\/p>\t\t\n\t<\/div>\n<\/div>\t\t\t\t<\/div>\n\t\t\t\t<\/div>\n\t\t\t\t<div class=\"elementor-element elementor-element-5d4bfd4 elementor-widget elementor-widget-heading\" data-id=\"5d4bfd4\" data-element_type=\"widget\" data-e-type=\"widget\" data-widget_type=\"heading.default\">\n\t\t\t\t<div class=\"elementor-widget-container\">\n\t\t\t\t\t<h3 class=\"elementor-heading-title elementor-size-default\">10. Il finanziamento alla cultura<\/h3>\t\t\t\t<\/div>\n\t\t\t\t<\/div>\n\t\t\t\t<div class=\"elementor-element elementor-element-eeca34d elementor-widget elementor-widget-pxl_text_editor\" data-id=\"eeca34d\" data-element_type=\"widget\" data-e-type=\"widget\" data-widget_type=\"pxl_text_editor.default\">\n\t\t\t\t<div class=\"elementor-widget-container\">\n\t\t\t\t\t<div class=\"pxl-text-editor\">\n\t<div class=\"pxl-item--inner\" data-wow-delay=\"ms\">\n\t\t<p>Un capitolo della ricerca \u00e8 dedicato al tema del finanziamento al settore culturale. Partendo dal caso italiano, emerge la prevalenza del sostegno pubblico, in linea con quanto accade nella maggioranza delle nazioni europee. I dati Istat, che classificano la spesa pubblica per funzione, restituiscono nell\u2019intervallo 2014-2023 un andamento di costante crescita delle somme destinate ai settori culturali, salite da 5.139 milioni a 10.176 milioni. \u00abIn dieci anni \u2013 si legge in un passaggio della ricerca \u2013 la cultura e l\u2019intrattenimento hanno progressivamente ricevuto maggiori fondi, raggiungendo nel periodo post Covid gli importi maggiori. Ci\u00f2 \u00e8 riconducibile sicuramente ai fondi europei nell\u2019ambito del Pnrr, che hanno largamente contribuito al sostegno e allo sviluppo delle industrie creative e culturali\u00bb. Secondo Eurostat, l\u2019Italia si \u00e8 collocata al quarto posto tra i 27 paesi della Unione europea, nel 2023, per spesa pubblica assoluta in cultura, nettamente distaccata dalle prime due Nazioni in graduatoria (Germania e Francia, rispettivamente con 28,94 e 24,98 miliardi), ma nel novero dei primi sei paesi Ue per spesa culturale, assieme a Spagna, terza, e Polonia e Olanda, quinta e sesta: tali Nazioni rappresentano il 72% del totale delle spese per cultura in Europa. A fianco del sostegno pubblico alla cultura, parimenti cruciale \u00e8 il ruolo degli investimenti privati. In tal senso, il mondo bancario offre un significativo contributo grazie all\u2019impegno delle fondazioni di origine bancaria. Come emerge dall\u2019ultimo Rapporto Acri, nel 2024 \u00abArte, Attivit\u00e0 e Beni culturali\u00bb \u00e8 risultato il primo dei sette settori prioritari di intervento e ha assorbito la quota pi\u00f9 alta delle risorse, pari a 256,5 milioni (il 23,5% delle erogazioni totali), per 8.072 interventi (il 36,2% sul totale).<\/p>\t\t\n\t<\/div>\n<\/div>\t\t\t\t<\/div>\n\t\t\t\t<\/div>\n\t\t\t\t<div class=\"elementor-element elementor-element-8aca29d elementor-widget elementor-widget-heading\" data-id=\"8aca29d\" data-element_type=\"widget\" data-e-type=\"widget\" data-widget_type=\"heading.default\">\n\t\t\t\t<div class=\"elementor-widget-container\">\n\t\t\t\t\t<h3 class=\"elementor-heading-title elementor-size-default\">11. L\u2019impegno di banche e fondazioni\nbancarie<\/h3>\t\t\t\t<\/div>\n\t\t\t\t<\/div>\n\t\t\t\t<div class=\"elementor-element elementor-element-8e9fd25 elementor-widget elementor-widget-pxl_text_editor\" data-id=\"8e9fd25\" data-element_type=\"widget\" data-e-type=\"widget\" data-widget_type=\"pxl_text_editor.default\">\n\t\t\t\t<div class=\"elementor-widget-container\">\n\t\t\t\t\t<div class=\"pxl-text-editor\">\n\t<div class=\"pxl-item--inner\" data-wow-delay=\"ms\">\n\t\t<p>Banche e fondazioni bancarie, capillarmente diffuse in tutto il territorio italiano, possono contribuire ad affiancare, quando non primariamente sostanziare, soprattutto nelle aree meno presidiate dalle istituzioni culturali, la generale offerta di contenuti artistico-culturali sul territorio, rimuovendo uno degli ostacoli alla frequentazione dei musei individuati da un giovane su sei: la distanza tra i luoghi del patrimonio culturale e la propria residenza o la propria universit\u00e0. Il presupposto delle fondazioni \u00e8 quello di promuovere interventi culturali che si trasformino in processi in grado di coinvolgere i cittadini e capaci di generare l\u2019interesse e la partecipazione di pubblici sempre pi\u00f9 vasti e inclusivi, stimolando il sorgere di attivit\u00e0 economicamente sostenibili capaci di produrre sviluppo e attrattivit\u00e0: tale modello di approccio, che persegue l\u2019obiettivo dell\u2019accessibilit\u00e0 e della fruibilit\u00e0 della cultura da parte di tutte le componenti delle comunit\u00e0 di riferimento, sembra idealmente convergere con alcune evidenze che emergono dalla ricerca e che descrivono, con riferimento alla domanda di cultura, bisogni e gusti di adolescenti e ventenni. La messa in discussione della vulgata che vuole i giovani distanti e poco interessati alla cultura lancia, a ogni operatore del settore, una duplice sfida: intercettare sempre meglio i cambiamenti nella domanda di offerta culturale da parte delle nuove generazioni e, soprattutto, trattenere questi fruitori nel tempo, traghettandoli verso et\u00e0 pi\u00f9 adulte senza che si realizzi il progressivo distacco dai consumi culturali che si manifesta di pari passo con l\u2019avanzare dell\u2019et\u00e0, come rilevato dalla ricerca.<\/p>\t\t\n\t<\/div>\n<\/div>\t\t\t\t<\/div>\n\t\t\t\t<\/div>\n\t\t\t\t<div class=\"elementor-element elementor-element-41bfb41 elementor-widget elementor-widget-heading\" data-id=\"41bfb41\" data-element_type=\"widget\" data-e-type=\"widget\" data-widget_type=\"heading.default\">\n\t\t\t\t<div class=\"elementor-widget-container\">\n\t\t\t\t\t<h3 class=\"elementor-heading-title elementor-size-default\">12. La sfida: intercettare e trattenere<\/h3>\t\t\t\t<\/div>\n\t\t\t\t<\/div>\n\t\t\t\t<div class=\"elementor-element elementor-element-397e144 elementor-widget elementor-widget-pxl_text_editor\" data-id=\"397e144\" data-element_type=\"widget\" data-e-type=\"widget\" data-widget_type=\"pxl_text_editor.default\">\n\t\t\t\t<div class=\"elementor-widget-container\">\n\t\t\t\t\t<div class=\"pxl-text-editor\">\n\t<div class=\"pxl-item--inner\" data-wow-delay=\"ms\">\n\t\t<p>Intercettare e trattenere: due diversi e sfidanti obiettivi, di breve e medio-lungo termine, che vanno di pari passo con la capacit\u00e0 di tradurre le proposte culturali in messaggi, contenuti e linguaggi coerenti con le aspettative delle nuove generazioni. Tra le evidenze emerse dalla ricerca risulta che per quasi un giovane su tre (il 31%) il principale fattore che disincentiva la frequentazione dei luoghi culturali \u00e8 uno scarso interesse nei confronti dei contenuti proposti: la possibilit\u00e0 di sintonizzarsi efficacemente con i giovani, nel concepire valide proposte culturali, passa dunque dall\u2019adozione di nuove categorie che rendano ogni operatore del settore in grado di leggere i gusti contemporanei e dialogare con i giovani usando i codici, linguistici e simbolici, del loro immaginario. Un esercizio, insomma, di ridefinizione delle proposte culturali che sappia tradurre in nuovi messaggi e nuove modalit\u00e0 di presentazione e narrazione la proposta dei valori universali dell\u2019arte e della cultura, stimolando la pi\u00f9 diffusa partecipazione, nella convinzione che la cultura e la cura della bellezza siano beni essenziali per il benessere e lo sviluppo della societ\u00e0. Declinata in tutte le sue forme, persino inedite ma rappresentative dello spirito e anzi degli spiriti di una multiforme contemporaneit\u00e0, la cultura e la bellezza potranno toccare le nuove generazioni presentandosi quali veicoli e strumenti di inclusione e partecipazione trasversale, in grado di tenere assieme ambiti diversi, eppure intersecati e dialoganti: cultura, economia, societ\u00e0 e ambiente, uniti dal filo rosso di nuovi e pi\u00f9 sinergici collegamenti.<\/p>\t\t\n\t<\/div>\n<\/div>\t\t\t\t<\/div>\n\t\t\t\t<\/div>\n\t\t\t\t<div class=\"elementor-element elementor-element-4128af3 elementor-widget elementor-widget-heading\" data-id=\"4128af3\" data-element_type=\"widget\" data-e-type=\"widget\" data-widget_type=\"heading.default\">\n\t\t\t\t<div class=\"elementor-widget-container\">\n\t\t\t\t\t<h3 class=\"elementor-heading-title elementor-size-default\">13. In cerca di nuovi percorsi per\ninnovare l\u2019offerta<\/h3>\t\t\t\t<\/div>\n\t\t\t\t<\/div>\n\t\t\t\t<div class=\"elementor-element elementor-element-13e984b elementor-widget elementor-widget-pxl_text_editor\" data-id=\"13e984b\" data-element_type=\"widget\" data-e-type=\"widget\" data-widget_type=\"pxl_text_editor.default\">\n\t\t\t\t<div class=\"elementor-widget-container\">\n\t\t\t\t\t<div class=\"pxl-text-editor\">\n\t<div class=\"pxl-item--inner\" data-wow-delay=\"ms\">\n\t\t<p>Mossa dall\u2019aspirazione di realizzare il primo studio organico sul sistema dell\u2019offerta e sui gusti e sulla domanda di cultura, informazione e intrattenimento delle generazioni dei nati dal 1997 in poi, la ricerca \u00abI consumi culturali delle generazioni Z e Alpha in Italia e all\u2019estero\u00bb aspira dunque a concorrere al generale impegno di tracciare nuovi percorsi nella definizione e nel costante affinamento delle strategie di offerta di contenuti culturali: la ricca e articolata base di informazioni e dati, anche comparati, riferiti alla generalit\u00e0 della popolazione ma con un focus specifico sugli under 28, si rivolge primariamente a operatori, istituti, banche e fondazioni di origine bancaria, manager e progettisti coinvolti nel festival \u00e8 cultura! ma, potenzialmente, \u00e8 a disposizione delle Istituzioni e di tutti gli attori privati operanti nell\u2019industria culturale. Una migliore capacit\u00e0 di individuare e intercettare gusti e tendenze delle nuove generazioni potr\u00e0 infatti rendere l\u2019offerta culturale ancor pi\u00f9 in linea con bisogni sia innovativi che tradizionali, con ci\u00f2 concorrendo all\u2019obiettivo di valorizzare sempre pi\u00f9 iniziative, manifestazioni ed eventi culturali quali fattori di sviluppo. La cultura, l\u2019arte e le varie forme di intrattenimento oggetto della ricerca sostanziano certamente un vasto patrimonio materiale e immateriale da tutelare, preservare e promuovere \u2013 e in tal senso imprescindibile \u00e8 il contributo di banche e fondazioni di origine bancaria, sostenitrici e generatrici di contenuti e di offerta culturale a vario titolo \u2013 ma si propongono anche come fattori di inclusione e volano di crescita attraverso la promozione di ogni iniziativa che possa alimentare la diffusione delle conoscenze e la valorizzazione dei talenti, sostenendo in tal modo il progresso sociale e culturale dei territori.<\/p>\t\t\n\t<\/div>\n<\/div>\t\t\t\t<\/div>\n\t\t\t\t<\/div>\n\t\t\t\t<div class=\"elementor-element elementor-element-f569b01 elementor-widget elementor-widget-heading\" data-id=\"f569b01\" data-element_type=\"widget\" data-e-type=\"widget\" data-widget_type=\"heading.default\">\n\t\t\t\t<div class=\"elementor-widget-container\">\n\t\t\t\t\t<h3 class=\"elementor-heading-title elementor-size-default\">14. Dialogo tra generazioni per\nvalorizzare identit\u00e0 e competenze<\/h3>\t\t\t\t<\/div>\n\t\t\t\t<\/div>\n\t\t\t\t<div class=\"elementor-element elementor-element-8b9077c elementor-widget elementor-widget-pxl_text_editor\" data-id=\"8b9077c\" data-element_type=\"widget\" data-e-type=\"widget\" data-widget_type=\"pxl_text_editor.default\">\n\t\t\t\t<div class=\"elementor-widget-container\">\n\t\t\t\t\t<div class=\"pxl-text-editor\">\n\t<div class=\"pxl-item--inner\" data-wow-delay=\"ms\">\n\t\t<p>Non solo. L\u2019analisi del complesso rapporto tra la cultura e le generazioni Zeta e Alpha arricchisce di sfumature, toni ed evidenze, in parte inedite, la rappresentazione dell\u2019amplissimo universo italiano e internazionale dell\u2019offerta culturale. La scelta di puntare i riflettori sulle generazioni maggiormente dinamiche e ingaggiate nella costruzione di una cultura sempre pi\u00f9 partecipata, sullo sfondo dei grandi cambiamenti demografici che attraversano la societ\u00e0, pu\u00f2 ben conciliarsi con l\u2019aspirazione di tutelare il valore delle diverse identit\u00e0 e delle diverse competenze nelle esperienze di fruizione condivisa, non solo ma anche intergenerazionale, dei contenuti culturali.<\/p>\t\t\n\t<\/div>\n<\/div>\t\t\t\t<\/div>\n\t\t\t\t<\/div>\n\t\t\t\t<div class=\"elementor-element elementor-element-01a2894 elementor-widget elementor-widget-heading\" data-id=\"01a2894\" data-element_type=\"widget\" data-e-type=\"widget\" data-widget_type=\"heading.default\">\n\t\t\t\t<div class=\"elementor-widget-container\">\n\t\t\t\t\t<h3 class=\"elementor-heading-title elementor-size-default\">Versione PDF<\/h3>\t\t\t\t<\/div>\n\t\t\t\t<\/div>\n\t\t\t\t<div class=\"elementor-element elementor-element-80caa1c elementor-widget elementor-widget-shortcode\" data-id=\"80caa1c\" data-element_type=\"widget\" data-e-type=\"widget\" data-widget_type=\"shortcode.default\">\n\t\t\t\t<div class=\"elementor-widget-container\">\n\t\t\t\t\t\t\t<div class=\"elementor-shortcode\"><div class='w3eden'><!-- WPDM Link Template: Call to Action 3 -->\n<div class=\"well c2a3\">\n        <div class=\"media\">\n          <div class=\"mr-3\" align=\"left\">\n            <!-- <a\n              href=\"https:\/\/www.abi.it\/en\/download\/marzo-2026-i-giovani-e-la-cultura-consumi-e-tendenze-degli-under-28-in-italia-di-chiara-mancini-e-francesco-di-marco\/?wpdmdl=56530&refresh=69f4c7436e8ad1777649475\"\n              role=\"button\"\n              aria-label=\"download file\"\n              aria-hidden=\"true\"\n            > -->\n              <svg\n                width=\"56\"\n                height=\"67\"\n                viewbox=\"0 0 56 67\"\n                fill=\"none\"\n                xmlns=\"http:\/\/www.w3.org\/2000\/svg\"\n              >\n                <circle\n                  cx=\"27.5772\"\n                  cy=\"33.4703\"\n                  r=\"19\"\n                  transform=\"rotate(-45 27.5772 33.4703)\"\n                  fill=\"white\"\n                  stroke=\"#1E5580\"\n                \/>\n                <mask\n                  id=\"mask0_3240_9322\"\n                  style=\"mask-type: alpha\"\n                  maskunits=\"userSpaceOnUse\"\n                  x=\"15\"\n                  y=\"21\"\n                  width=\"25\"\n                  height=\"25\"\n                >\n                  <rect\n                    x=\"15.7393\"\n                    y=\"21.3075\"\n                    width=\"24\"\n                    height=\"24\"\n                    fill=\"#D9D9D9\"\n                  \/>\n                <\/mask>\n                <g mask=\"url(#mask0_3240_9322)\">\n                  <path\n                    d=\"M27.7393 36.8845L24.2008 33.346L24.9085 32.6267L27.2393 34.9575V26.3075H28.2393V34.9575L30.57 32.6267L31.2778 33.346L27.7393 36.8845ZM22.3548 40.3075C21.8944 40.3075 21.5101 40.1533 21.2018 39.845C20.8934 39.5367 20.7393 39.1523 20.7393 38.692V36.269H21.7393V38.692C21.7393 38.846 21.8033 38.9871 21.9315 39.1152C22.0597 39.2434 22.2008 39.3075 22.3548 39.3075H33.1238C33.2778 39.3075 33.4188 39.2434 33.547 39.1152C33.6752 38.9871 33.7393 38.846 33.7393 38.692V36.269H34.7393V38.692C34.7393 39.1523 34.5851 39.5367 34.2768 39.845C33.9684 40.1533 33.5841 40.3075 33.1238 40.3075H22.3548Z\"\n                    fill=\"#1E5580\"\n                  \/>\n                <\/g>\n              <\/svg>\n            <!-- <\/a> -->\n          <\/div>\n          <div class=\"media-body\">\n            <p\n              class=\"media-heading\"\n              style=\"                padding-top: 0px;                border: 0px;                margin: 0 0 5px 0;                font-size: 12pt;              \"\n            >\n              <a style=\"font-weight: 700\" href=\"https:\/\/www.abi.it\/en\/download\/marzo-2026-i-giovani-e-la-cultura-consumi-e-tendenze-degli-under-28-in-italia-di-chiara-mancini-e-francesco-di-marco\/?wpdmdl=56530&refresh=69f4c7436e8ad1777649475\">MARZO 2026 I giovani e la cultura: consumi e tendenze degli under 28 in Italia di Chiara Mancini e Francesco Di Marco<\/a>\n            <\/p>\n            \n              \n            <div class=\"counters\">\n                <span\n                    style=\"font-size: 14px !important; font-weight: 400;\"\n                    class=\"text-muted ml-4\"\n                > \n                <\/span>\n              <span\n                style=\"font-size: 13px !important; font-weight: 300\"\n                class=\"text-muted ml-4\"\n              > 31 March 2026\n              <\/span>\n            <\/div>\n \n            <!--...-->\n          <\/div>\n          <!--\n    <div class=\"ml-3\" align=\"right\">\n                <a class='wpdm-download-link download-on-click btn btn-primary ' rel='nofollow' href='#' data-downloadurl=\"https:\/\/www.abi.it\/en\/download\/marzo-2026-i-giovani-e-la-cultura-consumi-e-tendenze-degli-under-28-in-italia-di-chiara-mancini-e-francesco-di-marco\/?wpdmdl=56530&refresh=69f4c7436e8ad1777649475\">Download<\/a>\n    <\/div>\n            -->\n        <\/div>\n      <\/div>\n \n      <style>\n        .well.c2a3 {\n          font-family: 'Mulish' !important;\n          background-color: white !important;\n          height: auto !important;\n          margin-bottom: 0px !important;\n        }\n        \n        .well.c2a3 .btn {\n          padding: 11px 30px;\n          font-size: 11pt;\n        }\n        \n        .text-muted.ml-4 p {\n            margin-bottom: 0px !important;\n        }\n \n        .well.c2a3 .media-body {\n          font-size: 11pt;\n          \/*To take the full width on mobile screen*\/\n          min-width: 300px;\n        }\n \n        .well.c2a3 .wpdm_icon {\n          height: 42px;\n          width: auto;\n        }\n        .media {\n          display: flex;\n          align-items: center !important;\n        }\n        .media-heading a {\n          color: #074973 !important;\n        }\n        .counters {\n          display: flex;\n          flex-direction: column !important;\n          justify-content: flex-start !important;\n        }\n        .text-muted.ml-4 {\n          margin-left: 0px !important;\n          margin-bottom: 5px !important;\n        }\n      <\/style>\n\n<!--\n<div class=\"well c2a3\">\n    <div class=\"media\">\n        <div class=\"mr-3\" align=\"left\">\n            <img decoding=\"async\" class=\"wpdm_icon\" alt=\"Icon\" src=\"\/wp-content\/plugins\/download-manager\/assets\/file-type-icons\/pdf.svg\" \/>\n        <\/div>\n        <div class=\"media-body\">\n            <h3 class=\"media-heading\" style=\"padding-top: 0px;border:0px;margin: 0 0 5px 0;font-size:12pt;\">\n                <a style=\"font-weight: 700\" href=\"https:\/\/www.abi.it\/en\/download\/marzo-2026-i-giovani-e-la-cultura-consumi-e-tendenze-degli-under-28-in-italia-di-chiara-mancini-e-francesco-di-marco\/\">MARZO 2026 I giovani e la cultura: consumi e tendenze degli under 28 in Italia di Chiara Mancini e Francesco Di Marco<\/a>\n                <span style=\"font-size:8pt;font-weight:300\" class=\"text-muted ml-4\">\n                    <i class=\"fas fa-hdd mr-1\"><\/i> 83.41 KB\n                    <i class=\"ml-3 far fa-arrow-alt-circle-down mr-1\"><\/i> 103 downloads\n                <\/span>\n            <\/h3>\n            ...\n        <\/div>\n        <div class=\"ml-3\" align=\"right\">\n            <a class='wpdm-download-link download-on-click btn btn-primary ' rel='nofollow' href='#' data-downloadurl=\"https:\/\/www.abi.it\/en\/download\/marzo-2026-i-giovani-e-la-cultura-consumi-e-tendenze-degli-under-28-in-italia-di-chiara-mancini-e-francesco-di-marco\/?wpdmdl=56530&refresh=69f4c7436e8ad1777649475\">Download<\/a>\n        <\/div>\n    <\/div>\n\n<\/div>\n-->\n<!--\n<style>\n    .well.c2a3 .btn {\n        padding: 11px 30px;\n        font-size: 11pt;\n    }\n\n    .well.c2a3 .media-body {\n        font-size: 11pt;\n    }\n\n    .well.c2a3 .wpdm_icon {\n        height: 42px;\n        width: auto;\n    }<\/style>\n--><\/div><\/div>\n\t\t\t\t\t\t<\/div>\n\t\t\t\t<\/div>\n\t\t\t\t<div class=\"elementor-element elementor-element-cc901da elementor-widget elementor-widget-pxl_button\" data-id=\"cc901da\" data-element_type=\"widget\" data-e-type=\"widget\" data-widget_type=\"pxl_button.default\">\n\t\t\t\t<div class=\"elementor-widget-container\">\n\t\t\t\t\t<div class=\"pxl-button\">\n    <div class=\"pxl-item--container\">\n        <div class=\"pxl-item--inner\">\n            <a class=\"btn pxl-item--button pxl-btn-default pxl-btn-large pxl-btn-border pxl-btn-dark  pxl-hover-default\" href=\"https:\/\/www.bancaria.it\/\" data-wow-delay=\"ms\" data-text=\"Vai al sito di Bancaria\">\n                <span class=\"pxl-btn--text\">Vai al sito di Bancaria<\/span>\n                            <\/a>\n        <\/div>\n    <\/div>\n<\/div>\n\n\t\t\t\t<\/div>\n\t\t\t\t<\/div>\n\t\t\t\t<div class=\"elementor-element elementor-element-d3cecc3 elementor-widget elementor-widget-pxl_divider\" data-id=\"d3cecc3\" data-element_type=\"widget\" data-e-type=\"widget\" data-widget_type=\"pxl_divider.default\">\n\t\t\t\t<div class=\"elementor-widget-container\">\n\t\t\t\t\t<div class=\"pxl-divider  pxl-particle-right none none\"><\/div>\t\t\t\t<\/div>\n\t\t\t\t<\/div>\n\t\t\t\t<\/div>\n\t\t<div class=\"elementor-element elementor-element-dae9a8d e-con-full elementor-hidden-tablet_extra elementor-hidden-tablet elementor-hidden-mobile_extra elementor-hidden-mobile e-flex e-con e-child\" data-id=\"dae9a8d\" data-element_type=\"container\" data-e-type=\"container\">\n\t\t\t\t<\/div>\n\t\t\t\t\t<\/div>\n\t\t\t\t<\/div>\n\t\t\t\t<\/div>","protected":false},"excerpt":{"rendered":"<p>Un\u2019inedita rappresentazione delle tendenze dei consumi culturali, espressione dei bisogni della componente giovanile della popolazione. Questo emerge dalla ricerca \u00abI consumi culturali delle generazioni Z e Alpha in Italia e all\u2019estero\u00bb, presentata ad \u00e8 cultura!, manifestazione promossa da ABI e Acri con la partecipazione delle banche. Dalla ricerca emerge che nella fase post pandemica il contributo delle giovani generazioni \u2013 anche per una fruizione all\u2019interno di programmi scolastici \u2013 \u00e8 risultato molto significativo per la ripresa dei consumi culturali. Tale corpus di evidenze si rivolge dunque agli operatori attivi nell\u2019industria culturale, incluse le fondazioni di origine bancaria e le banche, quale base di riflessione per tracciare nuovi percorsi nella definizione e affinamento delle strategie di offerta. Traducendo le future proposte di contenuti in nuovi linguaggi e canoni in grado di rendere l\u2019offerta culturale ancor pi\u00f9 in linea con bisogni sia innovativi che tradizionali. <\/p>","protected":false},"author":13,"featured_media":55667,"comment_status":"closed","ping_status":"open","sticky":false,"template":"elementor_header_footer","format":"standard","meta":{"_acf_changed":false,"footnotes":""},"categories":[313,319],"tags":[],"class_list":["post-56522","post","type-post","status-publish","format-standard","has-post-thumbnail","hentry","category-articoli-bancaria","category-marzo-2026"],"acf":[],"yoast_head":"<!-- This site is optimized with the Yoast SEO plugin v27.2 - https:\/\/yoast.com\/product\/yoast-seo-wordpress\/ -->\n<title>I giovani e la cultura: consumi e tendenze degli under 28 in Italia di Chiara Mancini e Francesco Di Marco - ABI - Associazione Bancaria Italiana<\/title>\n<meta name=\"robots\" content=\"index, follow, max-snippet:-1, max-image-preview:large, max-video-preview:-1\" \/>\n<link rel=\"canonical\" href=\"https:\/\/www.abi.it\/en\/i-giovani-e-la-cultura-consumi-e-tendenze-degli-under-28-in-italia-di-chiara-mancini-e-francesco-di-marco\/\" \/>\n<meta property=\"og:locale\" content=\"en_GB\" \/>\n<meta property=\"og:type\" content=\"article\" \/>\n<meta property=\"og:title\" content=\"I giovani e la cultura: consumi e tendenze degli under 28 in Italia di Chiara Mancini e Francesco Di Marco - ABI - Associazione Bancaria Italiana\" \/>\n<meta property=\"og:description\" content=\"Un\u2019inedita rappresentazione delle tendenze dei consumi culturali, espressione dei bisogni della componente giovanile della popolazione. Questo emerge dalla ricerca \u00abI consumi culturali delle generazioni Z e Alpha in Italia e all\u2019estero\u00bb, presentata ad \u00e8 cultura!, manifestazione promossa da ABI e Acri con la partecipazione delle banche. Dalla ricerca emerge che nella fase post pandemica il contributo delle giovani generazioni \u2013 anche per una fruizione all\u2019interno di programmi scolastici \u2013 \u00e8 risultato molto significativo per la ripresa dei consumi culturali. Tale corpus di evidenze si rivolge dunque agli operatori attivi nell\u2019industria culturale, incluse le fondazioni di origine bancaria e le banche, quale base di riflessione per tracciare nuovi percorsi nella definizione e affinamento delle strategie di offerta. Traducendo le future proposte di contenuti in nuovi linguaggi e canoni in grado di rendere l\u2019offerta culturale ancor pi\u00f9 in linea con bisogni sia innovativi che tradizionali.\" \/>\n<meta property=\"og:url\" content=\"https:\/\/www.abi.it\/en\/i-giovani-e-la-cultura-consumi-e-tendenze-degli-under-28-in-italia-di-chiara-mancini-e-francesco-di-marco\/\" \/>\n<meta property=\"og:site_name\" content=\"ABI - Associazione Bancaria Italiana\" \/>\n<meta property=\"article:published_time\" content=\"2026-03-31T13:10:12+00:00\" \/>\n<meta property=\"article:modified_time\" content=\"2026-03-31T13:14:56+00:00\" \/>\n<meta property=\"og:image\" content=\"https:\/\/www.abi.it\/wp-content\/uploads\/2026\/03\/2026-Copertine-Sito-Bancaria-72dpi-1600x812-1.jpg\" \/>\n\t<meta property=\"og:image:width\" content=\"1600\" \/>\n\t<meta property=\"og:image:height\" content=\"812\" \/>\n\t<meta property=\"og:image:type\" content=\"image\/jpeg\" \/>\n<meta name=\"author\" content=\"d.dallagnola@abi.it\" \/>\n<meta name=\"twitter:card\" content=\"summary_large_image\" \/>\n<meta name=\"twitter:label1\" content=\"Written by\" \/>\n\t<meta name=\"twitter:data1\" content=\"d.dallagnola@abi.it\" \/>\n\t<meta name=\"twitter:label2\" content=\"Estimated reading time\" \/>\n\t<meta name=\"twitter:data2\" content=\"20 minutes\" \/>\n<script type=\"application\/ld+json\" class=\"yoast-schema-graph\">{\"@context\":\"https:\/\/schema.org\",\"@graph\":[{\"@type\":\"Article\",\"@id\":\"https:\/\/www.abi.it\/en\/i-giovani-e-la-cultura-consumi-e-tendenze-degli-under-28-in-italia-di-chiara-mancini-e-francesco-di-marco\/#article\",\"isPartOf\":{\"@id\":\"https:\/\/www.abi.it\/en\/i-giovani-e-la-cultura-consumi-e-tendenze-degli-under-28-in-italia-di-chiara-mancini-e-francesco-di-marco\/\"},\"author\":{\"name\":\"d.dallagnola@abi.it\",\"@id\":\"https:\/\/www.abi.it\/#\/schema\/person\/8d7623c8513dbb5238b74efeca0b9066\"},\"headline\":\"I giovani e la cultura: consumi e tendenze degli under 28 in Italia di Chiara Mancini e Francesco Di Marco\",\"datePublished\":\"2026-03-31T13:10:12+00:00\",\"dateModified\":\"2026-03-31T13:14:56+00:00\",\"mainEntityOfPage\":{\"@id\":\"https:\/\/www.abi.it\/en\/i-giovani-e-la-cultura-consumi-e-tendenze-degli-under-28-in-italia-di-chiara-mancini-e-francesco-di-marco\/\"},\"wordCount\":3513,\"image\":{\"@id\":\"https:\/\/www.abi.it\/en\/i-giovani-e-la-cultura-consumi-e-tendenze-degli-under-28-in-italia-di-chiara-mancini-e-francesco-di-marco\/#primaryimage\"},\"thumbnailUrl\":\"\/wp-content\/uploads\/2026\/03\/2026-Copertine-Sito-Bancaria-72dpi-1600x812-1.jpg\",\"articleSection\":[\"Articoli Bancaria\",\"Marzo 2026\"],\"inLanguage\":\"en-GB\"},{\"@type\":\"WebPage\",\"@id\":\"https:\/\/www.abi.it\/en\/i-giovani-e-la-cultura-consumi-e-tendenze-degli-under-28-in-italia-di-chiara-mancini-e-francesco-di-marco\/\",\"url\":\"https:\/\/www.abi.it\/en\/i-giovani-e-la-cultura-consumi-e-tendenze-degli-under-28-in-italia-di-chiara-mancini-e-francesco-di-marco\/\",\"name\":\"I giovani e la cultura: consumi e tendenze degli under 28 in Italia di Chiara Mancini e Francesco Di Marco - ABI - Associazione Bancaria Italiana\",\"isPartOf\":{\"@id\":\"https:\/\/www.abi.it\/#website\"},\"primaryImageOfPage\":{\"@id\":\"https:\/\/www.abi.it\/en\/i-giovani-e-la-cultura-consumi-e-tendenze-degli-under-28-in-italia-di-chiara-mancini-e-francesco-di-marco\/#primaryimage\"},\"image\":{\"@id\":\"https:\/\/www.abi.it\/en\/i-giovani-e-la-cultura-consumi-e-tendenze-degli-under-28-in-italia-di-chiara-mancini-e-francesco-di-marco\/#primaryimage\"},\"thumbnailUrl\":\"\/wp-content\/uploads\/2026\/03\/2026-Copertine-Sito-Bancaria-72dpi-1600x812-1.jpg\",\"datePublished\":\"2026-03-31T13:10:12+00:00\",\"dateModified\":\"2026-03-31T13:14:56+00:00\",\"author\":{\"@id\":\"https:\/\/www.abi.it\/#\/schema\/person\/8d7623c8513dbb5238b74efeca0b9066\"},\"breadcrumb\":{\"@id\":\"https:\/\/www.abi.it\/en\/i-giovani-e-la-cultura-consumi-e-tendenze-degli-under-28-in-italia-di-chiara-mancini-e-francesco-di-marco\/#breadcrumb\"},\"inLanguage\":\"en-GB\",\"potentialAction\":[{\"@type\":\"ReadAction\",\"target\":[\"https:\/\/www.abi.it\/en\/i-giovani-e-la-cultura-consumi-e-tendenze-degli-under-28-in-italia-di-chiara-mancini-e-francesco-di-marco\/\"]}]},{\"@type\":\"ImageObject\",\"inLanguage\":\"en-GB\",\"@id\":\"https:\/\/www.abi.it\/en\/i-giovani-e-la-cultura-consumi-e-tendenze-degli-under-28-in-italia-di-chiara-mancini-e-francesco-di-marco\/#primaryimage\",\"url\":\"\/wp-content\/uploads\/2026\/03\/2026-Copertine-Sito-Bancaria-72dpi-1600x812-1.jpg\",\"contentUrl\":\"\/wp-content\/uploads\/2026\/03\/2026-Copertine-Sito-Bancaria-72dpi-1600x812-1.jpg\",\"width\":1600,\"height\":812},{\"@type\":\"BreadcrumbList\",\"@id\":\"https:\/\/www.abi.it\/en\/i-giovani-e-la-cultura-consumi-e-tendenze-degli-under-28-in-italia-di-chiara-mancini-e-francesco-di-marco\/#breadcrumb\",\"itemListElement\":[{\"@type\":\"ListItem\",\"position\":1,\"name\":\"Home\",\"item\":\"https:\/\/abi-newsite.azurewebsites.net\/\"},{\"@type\":\"ListItem\",\"position\":2,\"name\":\"I giovani e la cultura: consumi e tendenze degli under 28 in Italia di Chiara Mancini e Francesco Di Marco\"}]},{\"@type\":\"WebSite\",\"@id\":\"https:\/\/www.abi.it\/#website\",\"url\":\"https:\/\/www.abi.it\/\",\"name\":\"ABI - Associazione Bancaria Italiana\",\"description\":\"\",\"potentialAction\":[{\"@type\":\"SearchAction\",\"target\":{\"@type\":\"EntryPoint\",\"urlTemplate\":\"https:\/\/www.abi.it\/?s={search_term_string}\"},\"query-input\":{\"@type\":\"PropertyValueSpecification\",\"valueRequired\":true,\"valueName\":\"search_term_string\"}}],\"inLanguage\":\"en-GB\"},{\"@type\":\"Person\",\"@id\":\"https:\/\/www.abi.it\/#\/schema\/person\/8d7623c8513dbb5238b74efeca0b9066\",\"name\":\"d.dallagnola@abi.it\",\"image\":{\"@type\":\"ImageObject\",\"inLanguage\":\"en-GB\",\"@id\":\"https:\/\/secure.gravatar.com\/avatar\/367e21eb040cceec8e0a6dcee800bdb1d50d194410b8bd5a7dde223c12d2ec86?s=96&d=mm&r=g\",\"url\":\"https:\/\/secure.gravatar.com\/avatar\/367e21eb040cceec8e0a6dcee800bdb1d50d194410b8bd5a7dde223c12d2ec86?s=96&d=mm&r=g\",\"contentUrl\":\"https:\/\/secure.gravatar.com\/avatar\/367e21eb040cceec8e0a6dcee800bdb1d50d194410b8bd5a7dde223c12d2ec86?s=96&d=mm&r=g\",\"caption\":\"d.dallagnola@abi.it\"},\"url\":\"https:\/\/www.abi.it\/en\/author\/d-dallagnolaabi-it\/\"}]}<\/script>\n<!-- \/ Yoast SEO plugin. -->","yoast_head_json":{"title":"I giovani e la cultura: consumi e tendenze degli under 28 in Italia di Chiara Mancini e Francesco Di Marco - ABI - Associazione Bancaria Italiana","robots":{"index":"index","follow":"follow","max-snippet":"max-snippet:-1","max-image-preview":"max-image-preview:large","max-video-preview":"max-video-preview:-1"},"canonical":"https:\/\/www.abi.it\/en\/i-giovani-e-la-cultura-consumi-e-tendenze-degli-under-28-in-italia-di-chiara-mancini-e-francesco-di-marco\/","og_locale":"en_GB","og_type":"article","og_title":"I giovani e la cultura: consumi e tendenze degli under 28 in Italia di Chiara Mancini e Francesco Di Marco - ABI - Associazione Bancaria Italiana","og_description":"Un\u2019inedita rappresentazione delle tendenze dei consumi culturali, espressione dei bisogni della componente giovanile della popolazione. Questo emerge dalla ricerca \u00abI consumi culturali delle generazioni Z e Alpha in Italia e all\u2019estero\u00bb, presentata ad \u00e8 cultura!, manifestazione promossa da ABI e Acri con la partecipazione delle banche. Dalla ricerca emerge che nella fase post pandemica il contributo delle giovani generazioni \u2013 anche per una fruizione all\u2019interno di programmi scolastici \u2013 \u00e8 risultato molto significativo per la ripresa dei consumi culturali. Tale corpus di evidenze si rivolge dunque agli operatori attivi nell\u2019industria culturale, incluse le fondazioni di origine bancaria e le banche, quale base di riflessione per tracciare nuovi percorsi nella definizione e affinamento delle strategie di offerta. Traducendo le future proposte di contenuti in nuovi linguaggi e canoni in grado di rendere l\u2019offerta culturale ancor pi\u00f9 in linea con bisogni sia innovativi che tradizionali.","og_url":"https:\/\/www.abi.it\/en\/i-giovani-e-la-cultura-consumi-e-tendenze-degli-under-28-in-italia-di-chiara-mancini-e-francesco-di-marco\/","og_site_name":"ABI - Associazione Bancaria Italiana","article_published_time":"2026-03-31T13:10:12+00:00","article_modified_time":"2026-03-31T13:14:56+00:00","og_image":[{"width":1600,"height":812,"url":"https:\/\/www.abi.it\/wp-content\/uploads\/2026\/03\/2026-Copertine-Sito-Bancaria-72dpi-1600x812-1.jpg","type":"image\/jpeg"}],"author":"d.dallagnola@abi.it","twitter_card":"summary_large_image","twitter_misc":{"Written by":"d.dallagnola@abi.it","Estimated reading time":"20 minutes"},"schema":{"@context":"https:\/\/schema.org","@graph":[{"@type":"Article","@id":"https:\/\/www.abi.it\/en\/i-giovani-e-la-cultura-consumi-e-tendenze-degli-under-28-in-italia-di-chiara-mancini-e-francesco-di-marco\/#article","isPartOf":{"@id":"https:\/\/www.abi.it\/en\/i-giovani-e-la-cultura-consumi-e-tendenze-degli-under-28-in-italia-di-chiara-mancini-e-francesco-di-marco\/"},"author":{"name":"d.dallagnola@abi.it","@id":"https:\/\/www.abi.it\/#\/schema\/person\/8d7623c8513dbb5238b74efeca0b9066"},"headline":"I giovani e la cultura: consumi e tendenze degli under 28 in Italia di Chiara Mancini e Francesco Di Marco","datePublished":"2026-03-31T13:10:12+00:00","dateModified":"2026-03-31T13:14:56+00:00","mainEntityOfPage":{"@id":"https:\/\/www.abi.it\/en\/i-giovani-e-la-cultura-consumi-e-tendenze-degli-under-28-in-italia-di-chiara-mancini-e-francesco-di-marco\/"},"wordCount":3513,"image":{"@id":"https:\/\/www.abi.it\/en\/i-giovani-e-la-cultura-consumi-e-tendenze-degli-under-28-in-italia-di-chiara-mancini-e-francesco-di-marco\/#primaryimage"},"thumbnailUrl":"\/wp-content\/uploads\/2026\/03\/2026-Copertine-Sito-Bancaria-72dpi-1600x812-1.jpg","articleSection":["Articoli Bancaria","Marzo 2026"],"inLanguage":"en-GB"},{"@type":"WebPage","@id":"https:\/\/www.abi.it\/en\/i-giovani-e-la-cultura-consumi-e-tendenze-degli-under-28-in-italia-di-chiara-mancini-e-francesco-di-marco\/","url":"https:\/\/www.abi.it\/en\/i-giovani-e-la-cultura-consumi-e-tendenze-degli-under-28-in-italia-di-chiara-mancini-e-francesco-di-marco\/","name":"I giovani e la cultura: consumi e tendenze degli under 28 in Italia di Chiara Mancini e Francesco Di Marco - ABI - Associazione Bancaria Italiana","isPartOf":{"@id":"https:\/\/www.abi.it\/#website"},"primaryImageOfPage":{"@id":"https:\/\/www.abi.it\/en\/i-giovani-e-la-cultura-consumi-e-tendenze-degli-under-28-in-italia-di-chiara-mancini-e-francesco-di-marco\/#primaryimage"},"image":{"@id":"https:\/\/www.abi.it\/en\/i-giovani-e-la-cultura-consumi-e-tendenze-degli-under-28-in-italia-di-chiara-mancini-e-francesco-di-marco\/#primaryimage"},"thumbnailUrl":"\/wp-content\/uploads\/2026\/03\/2026-Copertine-Sito-Bancaria-72dpi-1600x812-1.jpg","datePublished":"2026-03-31T13:10:12+00:00","dateModified":"2026-03-31T13:14:56+00:00","author":{"@id":"https:\/\/www.abi.it\/#\/schema\/person\/8d7623c8513dbb5238b74efeca0b9066"},"breadcrumb":{"@id":"https:\/\/www.abi.it\/en\/i-giovani-e-la-cultura-consumi-e-tendenze-degli-under-28-in-italia-di-chiara-mancini-e-francesco-di-marco\/#breadcrumb"},"inLanguage":"en-GB","potentialAction":[{"@type":"ReadAction","target":["https:\/\/www.abi.it\/en\/i-giovani-e-la-cultura-consumi-e-tendenze-degli-under-28-in-italia-di-chiara-mancini-e-francesco-di-marco\/"]}]},{"@type":"ImageObject","inLanguage":"en-GB","@id":"https:\/\/www.abi.it\/en\/i-giovani-e-la-cultura-consumi-e-tendenze-degli-under-28-in-italia-di-chiara-mancini-e-francesco-di-marco\/#primaryimage","url":"\/wp-content\/uploads\/2026\/03\/2026-Copertine-Sito-Bancaria-72dpi-1600x812-1.jpg","contentUrl":"\/wp-content\/uploads\/2026\/03\/2026-Copertine-Sito-Bancaria-72dpi-1600x812-1.jpg","width":1600,"height":812},{"@type":"BreadcrumbList","@id":"https:\/\/www.abi.it\/en\/i-giovani-e-la-cultura-consumi-e-tendenze-degli-under-28-in-italia-di-chiara-mancini-e-francesco-di-marco\/#breadcrumb","itemListElement":[{"@type":"ListItem","position":1,"name":"Home","item":"https:\/\/abi-newsite.azurewebsites.net\/"},{"@type":"ListItem","position":2,"name":"I giovani e la cultura: consumi e tendenze degli under 28 in Italia di Chiara Mancini e Francesco Di Marco"}]},{"@type":"WebSite","@id":"https:\/\/www.abi.it\/#website","url":"https:\/\/www.abi.it\/","name":"ABI - Italian Banking Association","description":"","potentialAction":[{"@type":"SearchAction","target":{"@type":"EntryPoint","urlTemplate":"https:\/\/www.abi.it\/?s={search_term_string}"},"query-input":{"@type":"PropertyValueSpecification","valueRequired":true,"valueName":"search_term_string"}}],"inLanguage":"en-GB"},{"@type":"Person","@id":"https:\/\/www.abi.it\/#\/schema\/person\/8d7623c8513dbb5238b74efeca0b9066","name":"d.dallagnola@abi.it","image":{"@type":"ImageObject","inLanguage":"en-GB","@id":"https:\/\/secure.gravatar.com\/avatar\/367e21eb040cceec8e0a6dcee800bdb1d50d194410b8bd5a7dde223c12d2ec86?s=96&d=mm&r=g","url":"https:\/\/secure.gravatar.com\/avatar\/367e21eb040cceec8e0a6dcee800bdb1d50d194410b8bd5a7dde223c12d2ec86?s=96&d=mm&r=g","contentUrl":"https:\/\/secure.gravatar.com\/avatar\/367e21eb040cceec8e0a6dcee800bdb1d50d194410b8bd5a7dde223c12d2ec86?s=96&d=mm&r=g","caption":"d.dallagnola@abi.it"},"url":"https:\/\/www.abi.it\/en\/author\/d-dallagnolaabi-it\/"}]}},"_links":{"self":[{"href":"https:\/\/www.abi.it\/en\/wp-json\/wp\/v2\/posts\/56522","targetHints":{"allow":["GET"]}}],"collection":[{"href":"https:\/\/www.abi.it\/en\/wp-json\/wp\/v2\/posts"}],"about":[{"href":"https:\/\/www.abi.it\/en\/wp-json\/wp\/v2\/types\/post"}],"author":[{"embeddable":true,"href":"https:\/\/www.abi.it\/en\/wp-json\/wp\/v2\/users\/13"}],"replies":[{"embeddable":true,"href":"https:\/\/www.abi.it\/en\/wp-json\/wp\/v2\/comments?post=56522"}],"version-history":[{"count":16,"href":"https:\/\/www.abi.it\/en\/wp-json\/wp\/v2\/posts\/56522\/revisions"}],"predecessor-version":[{"id":56539,"href":"https:\/\/www.abi.it\/en\/wp-json\/wp\/v2\/posts\/56522\/revisions\/56539"}],"wp:featuredmedia":[{"embeddable":true,"href":"https:\/\/www.abi.it\/en\/wp-json\/wp\/v2\/media\/55667"}],"wp:attachment":[{"href":"https:\/\/www.abi.it\/en\/wp-json\/wp\/v2\/media?parent=56522"}],"wp:term":[{"taxonomy":"category","embeddable":true,"href":"https:\/\/www.abi.it\/en\/wp-json\/wp\/v2\/categories?post=56522"},{"taxonomy":"post_tag","embeddable":true,"href":"https:\/\/www.abi.it\/en\/wp-json\/wp\/v2\/tags?post=56522"}],"curies":[{"name":"wp","href":"https:\/\/api.w.org\/{rel}","templated":true}]}}