{"id":57412,"date":"2026-04-28T15:24:33","date_gmt":"2026-04-28T13:24:33","guid":{"rendered":"https:\/\/abi-newsite.azurewebsites.net\/?p=57412"},"modified":"2026-04-28T15:24:33","modified_gmt":"2026-04-28T13:24:33","slug":"agetech-quando-la-vecchiaia-sposa-il-digitale-di-ildegarda-ferraro","status":"publish","type":"post","link":"https:\/\/www.abi.it\/en\/agetech-quando-la-vecchiaia-sposa-il-digitale-di-ildegarda-ferraro\/","title":{"rendered":"AgeTech, quando la vecchiaia sposa il digitale di Ildegarda Ferraro"},"content":{"rendered":"<div data-elementor-type=\"wp-post\" data-elementor-id=\"57412\" class=\"elementor elementor-57412\" data-elementor-post-type=\"post\">\n\t\t\t\t<div class=\"elementor-element elementor-element-5a8a5f1 e-flex e-con-boxed e-con e-parent\" data-id=\"5a8a5f1\" data-element_type=\"container\" data-e-type=\"container\">\n\t\t\t\t\t<div class=\"e-con-inner\">\n\t\t<div class=\"elementor-element elementor-element-8a36526 e-con-full elementor-hidden-tablet_extra elementor-hidden-tablet elementor-hidden-mobile_extra elementor-hidden-mobile e-flex e-con e-child\" data-id=\"8a36526\" data-element_type=\"container\" data-e-type=\"container\">\n\t\t\t\t<\/div>\n\t\t<div class=\"elementor-element elementor-element-ff9fd06 e-con-full e-flex e-con e-child\" data-id=\"ff9fd06\" data-element_type=\"container\" data-e-type=\"container\">\n\t\t<article class=\"elementor-element elementor-element-6f09580 section e-con-full e-flex e-con e-child\" data-id=\"6f09580\" data-element_type=\"container\" data-e-type=\"container\" data-settings=\"{&quot;background_background&quot;:&quot;classic&quot;}\">\n\t\t\t\t<div class=\"elementor-element elementor-element-589e382 elementor-widget elementor-widget-heading\" data-id=\"589e382\" data-element_type=\"widget\" data-e-type=\"widget\" data-widget_type=\"heading.default\">\n\t\t\t\t<div class=\"elementor-widget-container\">\n\t\t\t\t\t<h1 class=\"elementor-heading-title elementor-size-default\">AgeTech, quando la vecchiaia sposa il digitale<\/h1>\t\t\t\t<\/div>\n\t\t\t\t<\/div>\n\t\t\t\t<div class=\"elementor-element elementor-element-d5991dc elementor-widget elementor-widget-pxl_text_editor\" data-id=\"d5991dc\" data-element_type=\"widget\" data-e-type=\"widget\" data-widget_type=\"pxl_text_editor.default\">\n\t\t\t\t<div class=\"elementor-widget-container\">\n\t\t\t\t\t<div class=\"pxl-text-editor\">\n\t<div class=\"pxl-item--inner\" data-wow-delay=\"ms\">\n\t\t<p class=\"xmsonormal\" style=\"margin: 0cm\"><strong>Ildegarda Ferraro<\/strong>, ABI<\/p>\t\t\n\t<\/div>\n<\/div>\t\t\t\t<\/div>\n\t\t\t\t<\/div>\n\t\t\t\t<\/article>\n\t\t\t\t<div class=\"elementor-element elementor-element-d32b19c elementor-widget elementor-widget-pxl_text_editor\" data-id=\"d32b19c\" data-element_type=\"widget\" data-e-type=\"widget\" data-widget_type=\"pxl_text_editor.default\">\n\t\t\t\t<div class=\"elementor-widget-container\">\n\t\t\t\t\t<div class=\"pxl-text-editor\">\n\t<div class=\"pxl-item--inner\" data-wow-delay=\"ms\">\n\t\t<p>Invecchiamo costantemente, almeno qui da noi, in questa parte del mondo. E lo faremo<br \/>sempre di pi\u00f9. Possono esserci stop, come con la pandemia Covid, ma la tendenza \u00e8<br \/>l\u2019avanzare dell\u2019et\u00e0. La tecnologia intanto conquista posizioni. Insieme a un\u2019economia<br \/>dedicata alla terza et\u00e0 in costante crescita. L\u2019AgeTech si occupa proprio di questo, della<br \/>connessione importante tra i nuovi bisogni dei vecchi e risposte che possono essere<br \/>date anche dall\u2019Intelligenza artificiale.<\/p>\t\t\n\t<\/div>\n<\/div>\t\t\t\t<\/div>\n\t\t\t\t<\/div>\n\t\t\t\t<div class=\"elementor-element elementor-element-9ad7ea0 elementor-widget elementor-widget-heading\" data-id=\"9ad7ea0\" data-element_type=\"widget\" data-e-type=\"widget\" data-widget_type=\"heading.default\">\n\t\t\t\t<div class=\"elementor-widget-container\">\n\t\t\t\t\t<h3 class=\"elementor-heading-title elementor-size-default\">Un mondo sempre pi\u00f9 vecchio<\/h3>\t\t\t\t<\/div>\n\t\t\t\t<\/div>\n\t\t\t\t<div class=\"elementor-element elementor-element-59d40aa elementor-widget elementor-widget-pxl_text_editor\" data-id=\"59d40aa\" data-element_type=\"widget\" data-e-type=\"widget\" data-widget_type=\"pxl_text_editor.default\">\n\t\t\t\t<div class=\"elementor-widget-container\">\n\t\t\t\t\t<div class=\"pxl-text-editor\">\n\t<div class=\"pxl-item--inner\" data-wow-delay=\"ms\">\n\t\t<p>Anche solo pochi numeri possono dare bene d\u2019idea di come vanno e come andranno le cose sotto questo cielo. Perch\u00e9 va da s\u00e9 che non siamo sotto un unico cielo: paesi giovani si confrontano con sezioni del mondo come il nostro in cui invecchiamo costantemente. Nel 1950 65,7 anni, nel 2024 83,9 anni, nel 2050 87,2 anni. \u00c8 l\u2019aspettativa di vita in Italia. La fonte \u00e8 Teha Group-Axa su dati Un 2026, come riportato nella prima edizione del Rapporto \u00abCommunity Longevity+- Fare dell\u2019Italia il Paese leader nell\u2019innovazione per la longevit\u00e0\u00bb. Aumentano gli anni da vivere, ma secondo Teha Group crescono di quasi 5 anni tra il 2004 e il 2023 anche quelli in cattiva salute, analizzando il Rapporto Meridiano Sanit\u00e0 su dati Eurostat. E nel 2050 il 75% della spesa sanitaria pubblica si concentrer\u00e0 nelle fasce d\u2019et\u00e0 over 60, mentre si \u00e8 attestata al 61% nel 2024.<\/p>\t\t\n\t<\/div>\n<\/div>\t\t\t\t<\/div>\n\t\t\t\t<\/div>\n\t\t\t\t<div class=\"elementor-element elementor-element-ca6be88 elementor-widget elementor-widget-heading\" data-id=\"ca6be88\" data-element_type=\"widget\" data-e-type=\"widget\" data-widget_type=\"heading.default\">\n\t\t\t\t<div class=\"elementor-widget-container\">\n\t\t\t\t\t<h3 class=\"elementor-heading-title elementor-size-default\">Silver economy<\/h3>\t\t\t\t<\/div>\n\t\t\t\t<\/div>\n\t\t\t\t<div class=\"elementor-element elementor-element-a3e3494 elementor-widget elementor-widget-pxl_text_editor\" data-id=\"a3e3494\" data-element_type=\"widget\" data-e-type=\"widget\" data-widget_type=\"pxl_text_editor.default\">\n\t\t\t\t<div class=\"elementor-widget-container\">\n\t\t\t\t\t<div class=\"pxl-text-editor\">\n\t<div class=\"pxl-item--inner\" data-wow-delay=\"ms\">\n\t\t<p>\u00c8 un\u2019economia in crescita quella focalizzata sulla terza et\u00e0. Il valore nei paesi Eu27 \u00e8 di 3,7 trilioni di euro per il 2015 e di 5,7 nel 2025. Il Rapporto Teha evidenzia che: \u00abla Silver economy europea \u2013 cio\u00e8 la dimensione economica della longevit\u00e0 \u2013 genera fino a 6,4 trilioni di euro di contributo al Pil europeo e 88 milioni di posti di lavoro. All\u2019intersezione tra nuovi bisogni sociali e vincoli di sostenibilit\u00e0 emergono quindi nuovi mercati, che aprono spazi di opportunit\u00e0 per ripensare servizi e modelli di offerta, stimolando l\u2019innovazione, gli investimenti e la crescita complessiva\u00bb. Insomma, non tutto il male viene per nuocere e l\u2019invecchiamento pu\u00f2 anche rappresentare il nuovo che avanza. Cresce e soprattutto aumenter\u00e0 il peso degli over 50 nella spesa. E, visto che la vita diventa sempre pi\u00f9 lunga, crescono non solo gli acquisti tipici dell\u2019invecchiamento. \u00abLa quota di consumi attribuibili agli over 50 \u00e8 destinata ad aumentare in quasi tutti i comparti, non solo quelli tradizionalmente associati all\u2019invecchiamento \u2013 come salute (83% nel 2050, +5,7 rispetto al 2020) e housing (79,1% nel 2050, +9,1 sul 2020) \u2013 ma anche in settori in cui oggi gli over 50 non rappresentano il principale segmento di domanda, come l\u2019istruzione (57,9 nel 2050, +15,5 rispetto al 2020)\u00bb. In prospettiva crescono anche i servizi ricreativi e cultura (+8,2% nel 2050 sul 2020), mobili e arredamento (+11,4), trasporti (+6,6), abbigliamento e calzature (+10,30), ristoranti e alberghi (+10,4). Insomma, se da un lato dovremo stare pi\u00f9 attenti alla salute, cercheremo comunque di vivere una vita piena, continuando a imparare, divertendoci, cambiando mobili e riarredando casa, viaggiando, non perdendo la voglia di essere eleganti, non disdegnando una buona cena e un bell\u2019albergo. Entro il 2100 gli over 65 nel mondo triplicheranno, arrivando a rappresentare il 24%, quasi un quarto della popolazione complessiva. L\u2019ecosistema europeo vale circa 23 miliardi di dollari.<\/p>\t\t\n\t<\/div>\n<\/div>\t\t\t\t<\/div>\n\t\t\t\t<\/div>\n\t\t\t\t<div class=\"elementor-element elementor-element-a932923 elementor-widget elementor-widget-heading\" data-id=\"a932923\" data-element_type=\"widget\" data-e-type=\"widget\" data-widget_type=\"heading.default\">\n\t\t\t\t<div class=\"elementor-widget-container\">\n\t\t\t\t\t<h3 class=\"elementor-heading-title elementor-size-default\">AgeTech<\/h3>\t\t\t\t<\/div>\n\t\t\t\t<\/div>\n\t\t\t\t<div class=\"elementor-element elementor-element-5d9367a elementor-widget elementor-widget-pxl_text_editor\" data-id=\"5d9367a\" data-element_type=\"widget\" data-e-type=\"widget\" data-widget_type=\"pxl_text_editor.default\">\n\t\t\t\t<div class=\"elementor-widget-container\">\n\t\t\t\t\t<div class=\"pxl-text-editor\">\n\t<div class=\"pxl-item--inner\" data-wow-delay=\"ms\">\n\t\t<p>Va da s\u00e9 che se questo \u00e8 il quadro la connessione con il digitale diventa una prospettiva naturale. Si parla quindi di AgeTech (Ageing Technology) per focalizzare l\u2019intersezione tra l\u2019invecchiamento della popolazione e l\u2019innovazione digitale. Il focus \u00e8 su soluzioni tecnologiche, app e dispositivi per migliorare la qualit\u00e0 della vita. Molte le soluzioni gi\u00e0 in cantiere. In prima linea il monitoraggio della salute attraverso ci\u00f2 che si pu\u00f2 indossare, i cosiddetti dispositivi wearable, basti pensare a ci\u00f2 che consente monitoraggi di parametri importanti come pressione e glicemia in tempo reale, in modo da facilitare la telemedicina. Contano anche molto i sistemi di sicurezza e allarme, agli assistenti vocali, sino alle app per la vita quotidiana. Sono ormai certificati ed entreranno sempre pi\u00f9 nella vita di tutti i giorni sensori anticaduta, orologi con Gps, allarmi salvavita, che possono garantire sicurezza in casa. Cominciano ad apparire robot di compagnia e assistenti intelligenti, come ElliQ, contro la solitudine e per rendere pi\u00f9 facili le attivit\u00e0 di tutti i giorni. Molto presenti le applicazioni specifiche per i campi pi\u00f9 vari, per gestire i farmaci, per la video chiamata facilitata e l\u2019inclusione digitale, per esempio il programma \u00abun anziano, un tablet\u00bb del Team per la Trasformazione digitale in collaborazione con l\u2019Agenzia per l\u2019Italia digitale (Agid). Tra i benefici dell\u2019AgeTech spicca certamente l\u2019autonomia, l\u2019obiettivo \u00e8 quello di permettere una vita serena nelle proprie case. E certamente anche l\u2019inclusione sociale, con una connessione pi\u00f9 facile con gli altri. Importante anche il supporto che pu\u00f2 essere dato a chi assiste gli anziani.<\/p>\t\t\n\t<\/div>\n<\/div>\t\t\t\t<\/div>\n\t\t\t\t<\/div>\n\t\t\t\t<div class=\"elementor-element elementor-element-5d0e41e elementor-widget elementor-widget-heading\" data-id=\"5d0e41e\" data-element_type=\"widget\" data-e-type=\"widget\" data-widget_type=\"heading.default\">\n\t\t\t\t<div class=\"elementor-widget-container\">\n\t\t\t\t\t<h3 class=\"elementor-heading-title elementor-size-default\">Age-It<\/h3>\t\t\t\t<\/div>\n\t\t\t\t<\/div>\n\t\t\t\t<div class=\"elementor-element elementor-element-8400e32 elementor-widget elementor-widget-pxl_text_editor\" data-id=\"8400e32\" data-element_type=\"widget\" data-e-type=\"widget\" data-widget_type=\"pxl_text_editor.default\">\n\t\t\t\t<div class=\"elementor-widget-container\">\n\t\t\t\t\t<div class=\"pxl-text-editor\">\n\t<div class=\"pxl-item--inner\" data-wow-delay=\"ms\">\n\t\t<p>L\u2019Italia va assumendo da pi\u00f9 punti di vista la fisionomia di un laboratorio per AgeTech. In questa prospettiva si inserisce \u00abAge-It, Ageing Well in an Ageing Society\u00bb, definita \u00abUna nuova alleanza per progettare soluzioni socioeconomiche, biomediche e tecnologiche per un\u2019Italia inclusiva verso tutte le generazioni\u00bb, finanziata dal Pnrr, la cui mission \u00e8 \u00abtrasformare l\u2019Italia in un polo scientifico internazionale per la ricerca sull\u2019invecchiamento, un \u201claboratorio empirico\u201d che rappresenti lo standard di riferimento in campo socio-economico, biomedico e tecnologico per costruire una societ\u00e0 inclusiva per tutte le et\u00e0\u00bb. Non mancano start-up e imprese specializzate in longevit\u00e0. La prospettiva \u00e8 trasformare l\u2019invecchiamento in una opportunit\u00e0, superando l\u2019idea di una visione assistenziale, immaginando una vita attiva.<\/p>\t\t\n\t<\/div>\n<\/div>\t\t\t\t<\/div>\n\t\t\t\t<\/div>\n\t\t\t\t<div class=\"elementor-element elementor-element-e2df8f2 elementor-widget elementor-widget-heading\" data-id=\"e2df8f2\" data-element_type=\"widget\" data-e-type=\"widget\" data-widget_type=\"heading.default\">\n\t\t\t\t<div class=\"elementor-widget-container\">\n\t\t\t\t\t<h3 class=\"elementor-heading-title elementor-size-default\">Laboratorio Italia<\/h3>\t\t\t\t<\/div>\n\t\t\t\t<\/div>\n\t\t\t\t<div class=\"elementor-element elementor-element-1c57178 elementor-widget elementor-widget-pxl_text_editor\" data-id=\"1c57178\" data-element_type=\"widget\" data-e-type=\"widget\" data-widget_type=\"pxl_text_editor.default\">\n\t\t\t\t<div class=\"elementor-widget-container\">\n\t\t\t\t\t<div class=\"pxl-text-editor\">\n\t<div class=\"pxl-item--inner\" data-wow-delay=\"ms\">\n\t\t<p>Anche Teha Group e Axa Italia guardano nella stessa prospettiva con Community+ Longevity. Il modello di lettura dell\u2019ecosistema europeo si basa su cinque dimensioni: Ai e Data Intelligence; Genomics &amp; Precision medicine; Med- Tech; Cognitive and Assistive Robotics; Wearables &amp; Connected Health. Innanzitutto, quindi, l\u2019uso dell\u2019Intelligenza artificiale e l\u2019analisi avanzata dei dati per supportare le decisioni, personalizzare i servizi e gestire grandi volumi informativi in campo sanitario e assistenziale. Seguono soluzioni di genomica e medicina di precisione per capire i processi di invecchiamento e sviluppare interventi. MedTech e Cognitive and Assistive Robotics si focalizzano sugli strumenti diagnostici avanzati e le soluzioni terapeutiche, oltre alle tecnologie robotiche e ai sistemi di assistenza. Wearables &amp; Connected Health \u00e8 il capitolo focalizzato sui dispositivi indossabili, sensori e soluzioni per il monitoraggio continuo di parametri a supporto di prevenzione e gestione della salute.<\/p>\t\t\n\t<\/div>\n<\/div>\t\t\t\t<\/div>\n\t\t\t\t<\/div>\n\t\t\t\t<div class=\"elementor-element elementor-element-babe31d elementor-widget elementor-widget-heading\" data-id=\"babe31d\" data-element_type=\"widget\" data-e-type=\"widget\" data-widget_type=\"heading.default\">\n\t\t\t\t<div class=\"elementor-widget-container\">\n\t\t\t\t\t<h3 class=\"elementor-heading-title elementor-size-default\">Hub di innovazione per la longevit\u00e0<\/h3>\t\t\t\t<\/div>\n\t\t\t\t<\/div>\n\t\t\t\t<div class=\"elementor-element elementor-element-829d495 elementor-widget elementor-widget-pxl_text_editor\" data-id=\"829d495\" data-element_type=\"widget\" data-e-type=\"widget\" data-widget_type=\"pxl_text_editor.default\">\n\t\t\t\t<div class=\"elementor-widget-container\">\n\t\t\t\t\t<div class=\"pxl-text-editor\">\n\t<div class=\"pxl-item--inner\" data-wow-delay=\"ms\">\n\t\t<p>I confronti internazionali in questo campo sono determinanti. Regno Unito con Londra, Usa con Boston, Singapore e Australia tracciano un quadro di riferimento importante. Nel Regno Unito vi \u00e8 il mercato pi\u00f9 importante per investimenti in venture capital con 2,1 miliardi di dollari raccolti. \u00c8 forte il sostegno alla ricerca e innovazione, la Uk Research and Innovation (Ukpi) ha stanziato quasi 10 miliardi di sterline nel 2024-2025. In Usa Boston-Cambridge in Massachusetts rappresentano una Silicon Valley della longevit\u00e0. Il Massachusetts investe il 5% del proprio Pil in ricerca e sviluppo. Nell\u2019area di Boston-Cambridge operano oltre 1.000 imprese biotech e life sciences. Per quanto riguarda Singapore, il governo ha stanziato 37 miliardi di dollari per il piano di ricerca e innovazione al 2030, con priorit\u00e0 esplicite su biomedicina, salute e tecnologie sanitarie. In Australia salute e assistenza sono il primo settore per occupazione con 1,8 milioni di addetti, con uno stanziamento di 132 miliardi annui per la spesa sanitaria pubblica, pari al 10% del Pil.<\/p>\t\t\n\t<\/div>\n<\/div>\t\t\t\t<\/div>\n\t\t\t\t<\/div>\n\t\t\t\t<div class=\"elementor-element elementor-element-531fbb7 elementor-widget elementor-widget-heading\" data-id=\"531fbb7\" data-element_type=\"widget\" data-e-type=\"widget\" data-widget_type=\"heading.default\">\n\t\t\t\t<div class=\"elementor-widget-container\">\n\t\t\t\t\t<h3 class=\"elementor-heading-title elementor-size-default\">Centenari felici<\/h3>\t\t\t\t<\/div>\n\t\t\t\t<\/div>\n\t\t\t\t<div class=\"elementor-element elementor-element-699967a elementor-widget elementor-widget-pxl_text_editor\" data-id=\"699967a\" data-element_type=\"widget\" data-e-type=\"widget\" data-widget_type=\"pxl_text_editor.default\">\n\t\t\t\t<div class=\"elementor-widget-container\">\n\t\t\t\t\t<div class=\"pxl-text-editor\">\n\t<div class=\"pxl-item--inner\" data-wow-delay=\"ms\">\n\t\t<p>In Italia abbiamo una tradizione di longevit\u00e0. Ricerche <em>ad hoc <\/em>si focalizzano sugli elementi di cui disponiamo per guardare avanti. L\u2019obiettivo \u00e8 vivere pi\u00f9 a lungo e bene. La ricerca e gli investimenti contano. Poi certo ognuno ha anche scelte e risposte nelle proprie mani. Perch\u00e9 le decisioni personali possono fare la differenza.<\/p>\t\t\n\t<\/div>\n<\/div>\t\t\t\t<\/div>\n\t\t\t\t<\/div>\n\t\t\t\t<div class=\"elementor-element elementor-element-01a2894 elementor-widget elementor-widget-heading\" data-id=\"01a2894\" data-element_type=\"widget\" data-e-type=\"widget\" data-widget_type=\"heading.default\">\n\t\t\t\t<div class=\"elementor-widget-container\">\n\t\t\t\t\t<h3 class=\"elementor-heading-title elementor-size-default\">Versione PDF<\/h3>\t\t\t\t<\/div>\n\t\t\t\t<\/div>\n\t\t\t\t<div class=\"elementor-element elementor-element-80caa1c elementor-widget elementor-widget-shortcode\" data-id=\"80caa1c\" data-element_type=\"widget\" data-e-type=\"widget\" data-widget_type=\"shortcode.default\">\n\t\t\t\t<div class=\"elementor-widget-container\">\n\t\t\t\t\t\t\t<div class=\"elementor-shortcode\"><div class='w3eden'><!-- WPDM Link Template: Call to Action 3 -->\n<div class=\"well c2a3\">\n        <div class=\"media\">\n          <div class=\"mr-3\" align=\"left\">\n            <!-- <a\n              href=\"https:\/\/www.abi.it\/en\/download\/aprile-2026-agetech-quando-la-vecchiaia-sposa-il-digitale-di-ildegarda-ferraro\/?wpdmdl=57417&refresh=69f10e510b8a71777405521\"\n              role=\"button\"\n              aria-label=\"download file\"\n              aria-hidden=\"true\"\n            > -->\n              <svg\n                width=\"56\"\n                height=\"67\"\n                viewbox=\"0 0 56 67\"\n                fill=\"none\"\n                xmlns=\"http:\/\/www.w3.org\/2000\/svg\"\n              >\n                <circle\n                  cx=\"27.5772\"\n                  cy=\"33.4703\"\n                  r=\"19\"\n                  transform=\"rotate(-45 27.5772 33.4703)\"\n                  fill=\"white\"\n                  stroke=\"#1E5580\"\n                \/>\n                <mask\n                  id=\"mask0_3240_9322\"\n                  style=\"mask-type: alpha\"\n                  maskunits=\"userSpaceOnUse\"\n                  x=\"15\"\n                  y=\"21\"\n                  width=\"25\"\n                  height=\"25\"\n                >\n                  <rect\n                    x=\"15.7393\"\n                    y=\"21.3075\"\n                    width=\"24\"\n                    height=\"24\"\n                    fill=\"#D9D9D9\"\n                  \/>\n                <\/mask>\n                <g mask=\"url(#mask0_3240_9322)\">\n                  <path\n                    d=\"M27.7393 36.8845L24.2008 33.346L24.9085 32.6267L27.2393 34.9575V26.3075H28.2393V34.9575L30.57 32.6267L31.2778 33.346L27.7393 36.8845ZM22.3548 40.3075C21.8944 40.3075 21.5101 40.1533 21.2018 39.845C20.8934 39.5367 20.7393 39.1523 20.7393 38.692V36.269H21.7393V38.692C21.7393 38.846 21.8033 38.9871 21.9315 39.1152C22.0597 39.2434 22.2008 39.3075 22.3548 39.3075H33.1238C33.2778 39.3075 33.4188 39.2434 33.547 39.1152C33.6752 38.9871 33.7393 38.846 33.7393 38.692V36.269H34.7393V38.692C34.7393 39.1523 34.5851 39.5367 34.2768 39.845C33.9684 40.1533 33.5841 40.3075 33.1238 40.3075H22.3548Z\"\n                    fill=\"#1E5580\"\n                  \/>\n                <\/g>\n              <\/svg>\n            <!-- <\/a> -->\n          <\/div>\n          <div class=\"media-body\">\n            <p\n              class=\"media-heading\"\n              style=\"                padding-top: 0px;                border: 0px;                margin: 0 0 5px 0;                font-size: 12pt;              \"\n            >\n              <a style=\"font-weight: 700\" href=\"https:\/\/www.abi.it\/en\/download\/aprile-2026-agetech-quando-la-vecchiaia-sposa-il-digitale-di-ildegarda-ferraro\/?wpdmdl=57417&refresh=69f10e510b8a71777405521\">APRILE 2026 AgeTech, quando la vecchiaia sposa il digitale di Ildegarda Ferraro<\/a>\n            <\/p>\n            \n              \n            <div class=\"counters\">\n                <span\n                    style=\"font-size: 14px !important; font-weight: 400;\"\n                    class=\"text-muted ml-4\"\n                > \n                <\/span>\n              <span\n                style=\"font-size: 13px !important; font-weight: 300\"\n                class=\"text-muted ml-4\"\n              > 28 April 2026\n              <\/span>\n            <\/div>\n \n            <!--...-->\n          <\/div>\n          <!--\n    <div class=\"ml-3\" align=\"right\">\n                <a class='wpdm-download-link download-on-click btn btn-primary ' rel='nofollow' href='#' data-downloadurl=\"https:\/\/www.abi.it\/en\/download\/aprile-2026-agetech-quando-la-vecchiaia-sposa-il-digitale-di-ildegarda-ferraro\/?wpdmdl=57417&refresh=69f10e510b8a71777405521\">Download<\/a>\n    <\/div>\n            -->\n        <\/div>\n      <\/div>\n \n      <style>\n        .well.c2a3 {\n          font-family: 'Mulish' !important;\n          background-color: white !important;\n          height: auto !important;\n          margin-bottom: 0px !important;\n        }\n        \n        .well.c2a3 .btn {\n          padding: 11px 30px;\n          font-size: 11pt;\n        }\n        \n        .text-muted.ml-4 p {\n            margin-bottom: 0px !important;\n        }\n \n        .well.c2a3 .media-body {\n          font-size: 11pt;\n          \/*To take the full width on mobile screen*\/\n          min-width: 300px;\n        }\n \n        .well.c2a3 .wpdm_icon {\n          height: 42px;\n          width: auto;\n        }\n        .media {\n          display: flex;\n          align-items: center !important;\n        }\n        .media-heading a {\n          color: #074973 !important;\n        }\n        .counters {\n          display: flex;\n          flex-direction: column !important;\n          justify-content: flex-start !important;\n        }\n        .text-muted.ml-4 {\n          margin-left: 0px !important;\n          margin-bottom: 5px !important;\n        }\n      <\/style>\n\n<!--\n<div class=\"well c2a3\">\n    <div class=\"media\">\n        <div class=\"mr-3\" align=\"left\">\n            <img decoding=\"async\" class=\"wpdm_icon\" alt=\"Icon\" src=\"\/wp-content\/plugins\/download-manager\/assets\/file-type-icons\/pdf.svg\" \/>\n        <\/div>\n        <div class=\"media-body\">\n            <h3 class=\"media-heading\" style=\"padding-top: 0px;border:0px;margin: 0 0 5px 0;font-size:12pt;\">\n                <a style=\"font-weight: 700\" href=\"https:\/\/www.abi.it\/en\/download\/aprile-2026-agetech-quando-la-vecchiaia-sposa-il-digitale-di-ildegarda-ferraro\/\">APRILE 2026 AgeTech, quando la vecchiaia sposa il digitale di Ildegarda Ferraro<\/a>\n                <span style=\"font-size:8pt;font-weight:300\" class=\"text-muted ml-4\">\n                    <i class=\"fas fa-hdd mr-1\"><\/i> 320.00 KB\n                    <i class=\"ml-3 far fa-arrow-alt-circle-down mr-1\"><\/i> 5 downloads\n                <\/span>\n            <\/h3>\n            ...\n        <\/div>\n        <div class=\"ml-3\" align=\"right\">\n            <a class='wpdm-download-link download-on-click btn btn-primary ' rel='nofollow' href='#' data-downloadurl=\"https:\/\/www.abi.it\/en\/download\/aprile-2026-agetech-quando-la-vecchiaia-sposa-il-digitale-di-ildegarda-ferraro\/?wpdmdl=57417&refresh=69f10e510b8a71777405521\">Download<\/a>\n        <\/div>\n    <\/div>\n\n<\/div>\n-->\n<!--\n<style>\n    .well.c2a3 .btn {\n        padding: 11px 30px;\n        font-size: 11pt;\n    }\n\n    .well.c2a3 .media-body {\n        font-size: 11pt;\n    }\n\n    .well.c2a3 .wpdm_icon {\n        height: 42px;\n        width: auto;\n    }<\/style>\n--><\/div><\/div>\n\t\t\t\t\t\t<\/div>\n\t\t\t\t<\/div>\n\t\t\t\t<div class=\"elementor-element elementor-element-cc901da elementor-widget elementor-widget-pxl_button\" data-id=\"cc901da\" data-element_type=\"widget\" data-e-type=\"widget\" data-widget_type=\"pxl_button.default\">\n\t\t\t\t<div class=\"elementor-widget-container\">\n\t\t\t\t\t<div class=\"pxl-button\">\n    <div class=\"pxl-item--container\">\n        <div class=\"pxl-item--inner\">\n            <a class=\"btn pxl-item--button pxl-btn-default pxl-btn-large pxl-btn-border pxl-btn-dark  pxl-hover-default\" href=\"https:\/\/www.bancaria.it\/\" data-wow-delay=\"ms\" data-text=\"Vai al sito di Bancaria\">\n                <span class=\"pxl-btn--text\">Vai al sito di Bancaria<\/span>\n                            <\/a>\n        <\/div>\n    <\/div>\n<\/div>\n\n\t\t\t\t<\/div>\n\t\t\t\t<\/div>\n\t\t\t\t<div class=\"elementor-element elementor-element-d3cecc3 elementor-widget elementor-widget-pxl_divider\" data-id=\"d3cecc3\" data-element_type=\"widget\" data-e-type=\"widget\" data-widget_type=\"pxl_divider.default\">\n\t\t\t\t<div class=\"elementor-widget-container\">\n\t\t\t\t\t<div class=\"pxl-divider  pxl-particle-right none none\"><\/div>\t\t\t\t<\/div>\n\t\t\t\t<\/div>\n\t\t\t\t<\/div>\n\t\t<div class=\"elementor-element elementor-element-dae9a8d e-con-full elementor-hidden-tablet_extra elementor-hidden-tablet elementor-hidden-mobile_extra elementor-hidden-mobile e-flex e-con e-child\" data-id=\"dae9a8d\" data-element_type=\"container\" data-e-type=\"container\">\n\t\t\t\t<\/div>\n\t\t\t\t\t<\/div>\n\t\t\t\t<\/div>\n\t\t\t\t<\/div>","protected":false},"excerpt":{"rendered":"<p>Invecchiamo costantemente, almeno qui da noi, in questa parte del mondo. E lo faremo<br \/>\nsempre di pi\u00f9. Possono esserci stop, come con la pandemia Covid, ma la tendenza \u00e8<br \/>\nl\u2019avanzare dell\u2019et\u00e0. La tecnologia intanto conquista posizioni. Insieme a un\u2019economia<br \/>\ndedicata alla terza et\u00e0 in costante crescita. L\u2019AgeTech si occupa proprio di questo, della<br \/>\nconnessione importante tra i nuovi bisogni dei vecchi e risposte che possono essere<br \/>\ndate anche dall\u2019Intelligenza artificiale.<\/p>","protected":false},"author":13,"featured_media":55667,"comment_status":"closed","ping_status":"open","sticky":false,"template":"elementor_header_footer","format":"standard","meta":{"_acf_changed":false,"footnotes":""},"categories":[320,313],"tags":[],"class_list":["post-57412","post","type-post","status-publish","format-standard","has-post-thumbnail","hentry","category-aprile-2026","category-articoli-bancaria"],"acf":[],"yoast_head":"<!-- This site is optimized with the Yoast SEO plugin v27.2 - https:\/\/yoast.com\/product\/yoast-seo-wordpress\/ -->\n<title>AgeTech, quando la vecchiaia sposa il digitale di Ildegarda Ferraro - ABI - Associazione Bancaria Italiana<\/title>\n<meta name=\"robots\" content=\"index, follow, max-snippet:-1, max-image-preview:large, max-video-preview:-1\" \/>\n<link rel=\"canonical\" href=\"https:\/\/abi-newsite.azurewebsites.net\/agetech-quando-la-vecchiaia-sposa-il-digitale-di-ildegarda-ferraro\/\" \/>\n<meta property=\"og:locale\" content=\"en_GB\" \/>\n<meta property=\"og:type\" content=\"article\" \/>\n<meta property=\"og:title\" content=\"AgeTech, quando la vecchiaia sposa il digitale di Ildegarda Ferraro - ABI - Associazione Bancaria Italiana\" \/>\n<meta property=\"og:description\" content=\"Invecchiamo costantemente, almeno qui da noi, in questa parte del mondo. E lo faremo sempre di pi\u00f9. Possono esserci stop, come con la pandemia Covid, ma la tendenza \u00e8 l\u2019avanzare dell\u2019et\u00e0. La tecnologia intanto conquista posizioni. Insieme a un\u2019economia dedicata alla terza et\u00e0 in costante crescita. L\u2019AgeTech si occupa proprio di questo, della connessione importante tra i nuovi bisogni dei vecchi e risposte che possono essere date anche dall\u2019Intelligenza artificiale.\" \/>\n<meta property=\"og:url\" content=\"https:\/\/abi-newsite.azurewebsites.net\/agetech-quando-la-vecchiaia-sposa-il-digitale-di-ildegarda-ferraro\/\" \/>\n<meta property=\"og:site_name\" content=\"ABI - Associazione Bancaria Italiana\" \/>\n<meta property=\"article:published_time\" content=\"2026-04-28T13:24:33+00:00\" \/>\n<meta property=\"og:image\" content=\"https:\/\/www.abi.it\/wp-content\/uploads\/2026\/03\/2026-Copertine-Sito-Bancaria-72dpi-1600x812-1.jpg\" \/>\n\t<meta property=\"og:image:width\" content=\"1600\" \/>\n\t<meta property=\"og:image:height\" content=\"812\" \/>\n\t<meta property=\"og:image:type\" content=\"image\/jpeg\" \/>\n<meta name=\"author\" content=\"d.dallagnola@abi.it\" \/>\n<meta name=\"twitter:card\" content=\"summary_large_image\" \/>\n<meta name=\"twitter:label1\" content=\"Written by\" \/>\n\t<meta name=\"twitter:data1\" content=\"d.dallagnola@abi.it\" \/>\n\t<meta name=\"twitter:label2\" content=\"Estimated reading time\" \/>\n\t<meta name=\"twitter:data2\" content=\"8 minutes\" \/>\n<script type=\"application\/ld+json\" class=\"yoast-schema-graph\">{\"@context\":\"https:\/\/schema.org\",\"@graph\":[{\"@type\":\"Article\",\"@id\":\"https:\/\/abi-newsite.azurewebsites.net\/agetech-quando-la-vecchiaia-sposa-il-digitale-di-ildegarda-ferraro\/#article\",\"isPartOf\":{\"@id\":\"https:\/\/abi-newsite.azurewebsites.net\/agetech-quando-la-vecchiaia-sposa-il-digitale-di-ildegarda-ferraro\/\"},\"author\":{\"name\":\"d.dallagnola@abi.it\",\"@id\":\"https:\/\/www.abi.it\/#\/schema\/person\/8d7623c8513dbb5238b74efeca0b9066\"},\"headline\":\"AgeTech, quando la vecchiaia sposa il digitale di Ildegarda Ferraro\",\"datePublished\":\"2026-04-28T13:24:33+00:00\",\"mainEntityOfPage\":{\"@id\":\"https:\/\/abi-newsite.azurewebsites.net\/agetech-quando-la-vecchiaia-sposa-il-digitale-di-ildegarda-ferraro\/\"},\"wordCount\":1271,\"image\":{\"@id\":\"https:\/\/abi-newsite.azurewebsites.net\/agetech-quando-la-vecchiaia-sposa-il-digitale-di-ildegarda-ferraro\/#primaryimage\"},\"thumbnailUrl\":\"\/wp-content\/uploads\/2026\/03\/2026-Copertine-Sito-Bancaria-72dpi-1600x812-1.jpg\",\"articleSection\":[\"Aprile 2026\",\"Articoli Bancaria\"],\"inLanguage\":\"en-GB\"},{\"@type\":\"WebPage\",\"@id\":\"https:\/\/abi-newsite.azurewebsites.net\/agetech-quando-la-vecchiaia-sposa-il-digitale-di-ildegarda-ferraro\/\",\"url\":\"https:\/\/abi-newsite.azurewebsites.net\/agetech-quando-la-vecchiaia-sposa-il-digitale-di-ildegarda-ferraro\/\",\"name\":\"AgeTech, quando la vecchiaia sposa il digitale di Ildegarda Ferraro - ABI - Associazione Bancaria Italiana\",\"isPartOf\":{\"@id\":\"https:\/\/www.abi.it\/#website\"},\"primaryImageOfPage\":{\"@id\":\"https:\/\/abi-newsite.azurewebsites.net\/agetech-quando-la-vecchiaia-sposa-il-digitale-di-ildegarda-ferraro\/#primaryimage\"},\"image\":{\"@id\":\"https:\/\/abi-newsite.azurewebsites.net\/agetech-quando-la-vecchiaia-sposa-il-digitale-di-ildegarda-ferraro\/#primaryimage\"},\"thumbnailUrl\":\"\/wp-content\/uploads\/2026\/03\/2026-Copertine-Sito-Bancaria-72dpi-1600x812-1.jpg\",\"datePublished\":\"2026-04-28T13:24:33+00:00\",\"author\":{\"@id\":\"https:\/\/www.abi.it\/#\/schema\/person\/8d7623c8513dbb5238b74efeca0b9066\"},\"breadcrumb\":{\"@id\":\"https:\/\/abi-newsite.azurewebsites.net\/agetech-quando-la-vecchiaia-sposa-il-digitale-di-ildegarda-ferraro\/#breadcrumb\"},\"inLanguage\":\"en-GB\",\"potentialAction\":[{\"@type\":\"ReadAction\",\"target\":[\"https:\/\/abi-newsite.azurewebsites.net\/agetech-quando-la-vecchiaia-sposa-il-digitale-di-ildegarda-ferraro\/\"]}]},{\"@type\":\"ImageObject\",\"inLanguage\":\"en-GB\",\"@id\":\"https:\/\/abi-newsite.azurewebsites.net\/agetech-quando-la-vecchiaia-sposa-il-digitale-di-ildegarda-ferraro\/#primaryimage\",\"url\":\"\/wp-content\/uploads\/2026\/03\/2026-Copertine-Sito-Bancaria-72dpi-1600x812-1.jpg\",\"contentUrl\":\"\/wp-content\/uploads\/2026\/03\/2026-Copertine-Sito-Bancaria-72dpi-1600x812-1.jpg\",\"width\":1600,\"height\":812},{\"@type\":\"BreadcrumbList\",\"@id\":\"https:\/\/abi-newsite.azurewebsites.net\/agetech-quando-la-vecchiaia-sposa-il-digitale-di-ildegarda-ferraro\/#breadcrumb\",\"itemListElement\":[{\"@type\":\"ListItem\",\"position\":1,\"name\":\"Home\",\"item\":\"https:\/\/abi-newsite.azurewebsites.net\/\"},{\"@type\":\"ListItem\",\"position\":2,\"name\":\"AgeTech, quando la vecchiaia sposa il digitale di Ildegarda Ferraro\"}]},{\"@type\":\"WebSite\",\"@id\":\"https:\/\/www.abi.it\/#website\",\"url\":\"https:\/\/www.abi.it\/\",\"name\":\"ABI - Associazione Bancaria Italiana\",\"description\":\"\",\"potentialAction\":[{\"@type\":\"SearchAction\",\"target\":{\"@type\":\"EntryPoint\",\"urlTemplate\":\"https:\/\/www.abi.it\/?s={search_term_string}\"},\"query-input\":{\"@type\":\"PropertyValueSpecification\",\"valueRequired\":true,\"valueName\":\"search_term_string\"}}],\"inLanguage\":\"en-GB\"},{\"@type\":\"Person\",\"@id\":\"https:\/\/www.abi.it\/#\/schema\/person\/8d7623c8513dbb5238b74efeca0b9066\",\"name\":\"d.dallagnola@abi.it\",\"image\":{\"@type\":\"ImageObject\",\"inLanguage\":\"en-GB\",\"@id\":\"https:\/\/secure.gravatar.com\/avatar\/367e21eb040cceec8e0a6dcee800bdb1d50d194410b8bd5a7dde223c12d2ec86?s=96&d=mm&r=g\",\"url\":\"https:\/\/secure.gravatar.com\/avatar\/367e21eb040cceec8e0a6dcee800bdb1d50d194410b8bd5a7dde223c12d2ec86?s=96&d=mm&r=g\",\"contentUrl\":\"https:\/\/secure.gravatar.com\/avatar\/367e21eb040cceec8e0a6dcee800bdb1d50d194410b8bd5a7dde223c12d2ec86?s=96&d=mm&r=g\",\"caption\":\"d.dallagnola@abi.it\"},\"url\":\"https:\/\/www.abi.it\/en\/author\/d-dallagnolaabi-it\/\"}]}<\/script>\n<!-- \/ Yoast SEO plugin. -->","yoast_head_json":{"title":"AgeTech, quando la vecchiaia sposa il digitale di Ildegarda Ferraro - ABI - Associazione Bancaria Italiana","robots":{"index":"index","follow":"follow","max-snippet":"max-snippet:-1","max-image-preview":"max-image-preview:large","max-video-preview":"max-video-preview:-1"},"canonical":"https:\/\/abi-newsite.azurewebsites.net\/agetech-quando-la-vecchiaia-sposa-il-digitale-di-ildegarda-ferraro\/","og_locale":"en_GB","og_type":"article","og_title":"AgeTech, quando la vecchiaia sposa il digitale di Ildegarda Ferraro - ABI - Associazione Bancaria Italiana","og_description":"Invecchiamo costantemente, almeno qui da noi, in questa parte del mondo. E lo faremo sempre di pi\u00f9. Possono esserci stop, come con la pandemia Covid, ma la tendenza \u00e8 l\u2019avanzare dell\u2019et\u00e0. La tecnologia intanto conquista posizioni. Insieme a un\u2019economia dedicata alla terza et\u00e0 in costante crescita. L\u2019AgeTech si occupa proprio di questo, della connessione importante tra i nuovi bisogni dei vecchi e risposte che possono essere date anche dall\u2019Intelligenza artificiale.","og_url":"https:\/\/abi-newsite.azurewebsites.net\/agetech-quando-la-vecchiaia-sposa-il-digitale-di-ildegarda-ferraro\/","og_site_name":"ABI - Associazione Bancaria Italiana","article_published_time":"2026-04-28T13:24:33+00:00","og_image":[{"width":1600,"height":812,"url":"https:\/\/www.abi.it\/wp-content\/uploads\/2026\/03\/2026-Copertine-Sito-Bancaria-72dpi-1600x812-1.jpg","type":"image\/jpeg"}],"author":"d.dallagnola@abi.it","twitter_card":"summary_large_image","twitter_misc":{"Written by":"d.dallagnola@abi.it","Estimated reading time":"8 minutes"},"schema":{"@context":"https:\/\/schema.org","@graph":[{"@type":"Article","@id":"https:\/\/abi-newsite.azurewebsites.net\/agetech-quando-la-vecchiaia-sposa-il-digitale-di-ildegarda-ferraro\/#article","isPartOf":{"@id":"https:\/\/abi-newsite.azurewebsites.net\/agetech-quando-la-vecchiaia-sposa-il-digitale-di-ildegarda-ferraro\/"},"author":{"name":"d.dallagnola@abi.it","@id":"https:\/\/www.abi.it\/#\/schema\/person\/8d7623c8513dbb5238b74efeca0b9066"},"headline":"AgeTech, quando la vecchiaia sposa il digitale di Ildegarda Ferraro","datePublished":"2026-04-28T13:24:33+00:00","mainEntityOfPage":{"@id":"https:\/\/abi-newsite.azurewebsites.net\/agetech-quando-la-vecchiaia-sposa-il-digitale-di-ildegarda-ferraro\/"},"wordCount":1271,"image":{"@id":"https:\/\/abi-newsite.azurewebsites.net\/agetech-quando-la-vecchiaia-sposa-il-digitale-di-ildegarda-ferraro\/#primaryimage"},"thumbnailUrl":"\/wp-content\/uploads\/2026\/03\/2026-Copertine-Sito-Bancaria-72dpi-1600x812-1.jpg","articleSection":["Aprile 2026","Articoli Bancaria"],"inLanguage":"en-GB"},{"@type":"WebPage","@id":"https:\/\/abi-newsite.azurewebsites.net\/agetech-quando-la-vecchiaia-sposa-il-digitale-di-ildegarda-ferraro\/","url":"https:\/\/abi-newsite.azurewebsites.net\/agetech-quando-la-vecchiaia-sposa-il-digitale-di-ildegarda-ferraro\/","name":"AgeTech, quando la vecchiaia sposa il digitale di Ildegarda Ferraro - ABI - Associazione Bancaria Italiana","isPartOf":{"@id":"https:\/\/www.abi.it\/#website"},"primaryImageOfPage":{"@id":"https:\/\/abi-newsite.azurewebsites.net\/agetech-quando-la-vecchiaia-sposa-il-digitale-di-ildegarda-ferraro\/#primaryimage"},"image":{"@id":"https:\/\/abi-newsite.azurewebsites.net\/agetech-quando-la-vecchiaia-sposa-il-digitale-di-ildegarda-ferraro\/#primaryimage"},"thumbnailUrl":"\/wp-content\/uploads\/2026\/03\/2026-Copertine-Sito-Bancaria-72dpi-1600x812-1.jpg","datePublished":"2026-04-28T13:24:33+00:00","author":{"@id":"https:\/\/www.abi.it\/#\/schema\/person\/8d7623c8513dbb5238b74efeca0b9066"},"breadcrumb":{"@id":"https:\/\/abi-newsite.azurewebsites.net\/agetech-quando-la-vecchiaia-sposa-il-digitale-di-ildegarda-ferraro\/#breadcrumb"},"inLanguage":"en-GB","potentialAction":[{"@type":"ReadAction","target":["https:\/\/abi-newsite.azurewebsites.net\/agetech-quando-la-vecchiaia-sposa-il-digitale-di-ildegarda-ferraro\/"]}]},{"@type":"ImageObject","inLanguage":"en-GB","@id":"https:\/\/abi-newsite.azurewebsites.net\/agetech-quando-la-vecchiaia-sposa-il-digitale-di-ildegarda-ferraro\/#primaryimage","url":"\/wp-content\/uploads\/2026\/03\/2026-Copertine-Sito-Bancaria-72dpi-1600x812-1.jpg","contentUrl":"\/wp-content\/uploads\/2026\/03\/2026-Copertine-Sito-Bancaria-72dpi-1600x812-1.jpg","width":1600,"height":812},{"@type":"BreadcrumbList","@id":"https:\/\/abi-newsite.azurewebsites.net\/agetech-quando-la-vecchiaia-sposa-il-digitale-di-ildegarda-ferraro\/#breadcrumb","itemListElement":[{"@type":"ListItem","position":1,"name":"Home","item":"https:\/\/abi-newsite.azurewebsites.net\/"},{"@type":"ListItem","position":2,"name":"AgeTech, quando la vecchiaia sposa il digitale di Ildegarda Ferraro"}]},{"@type":"WebSite","@id":"https:\/\/www.abi.it\/#website","url":"https:\/\/www.abi.it\/","name":"ABI - Italian Banking Association","description":"","potentialAction":[{"@type":"SearchAction","target":{"@type":"EntryPoint","urlTemplate":"https:\/\/www.abi.it\/?s={search_term_string}"},"query-input":{"@type":"PropertyValueSpecification","valueRequired":true,"valueName":"search_term_string"}}],"inLanguage":"en-GB"},{"@type":"Person","@id":"https:\/\/www.abi.it\/#\/schema\/person\/8d7623c8513dbb5238b74efeca0b9066","name":"d.dallagnola@abi.it","image":{"@type":"ImageObject","inLanguage":"en-GB","@id":"https:\/\/secure.gravatar.com\/avatar\/367e21eb040cceec8e0a6dcee800bdb1d50d194410b8bd5a7dde223c12d2ec86?s=96&d=mm&r=g","url":"https:\/\/secure.gravatar.com\/avatar\/367e21eb040cceec8e0a6dcee800bdb1d50d194410b8bd5a7dde223c12d2ec86?s=96&d=mm&r=g","contentUrl":"https:\/\/secure.gravatar.com\/avatar\/367e21eb040cceec8e0a6dcee800bdb1d50d194410b8bd5a7dde223c12d2ec86?s=96&d=mm&r=g","caption":"d.dallagnola@abi.it"},"url":"https:\/\/www.abi.it\/en\/author\/d-dallagnolaabi-it\/"}]}},"_links":{"self":[{"href":"https:\/\/www.abi.it\/en\/wp-json\/wp\/v2\/posts\/57412","targetHints":{"allow":["GET"]}}],"collection":[{"href":"https:\/\/www.abi.it\/en\/wp-json\/wp\/v2\/posts"}],"about":[{"href":"https:\/\/www.abi.it\/en\/wp-json\/wp\/v2\/types\/post"}],"author":[{"embeddable":true,"href":"https:\/\/www.abi.it\/en\/wp-json\/wp\/v2\/users\/13"}],"replies":[{"embeddable":true,"href":"https:\/\/www.abi.it\/en\/wp-json\/wp\/v2\/comments?post=57412"}],"version-history":[{"count":8,"href":"https:\/\/www.abi.it\/en\/wp-json\/wp\/v2\/posts\/57412\/revisions"}],"predecessor-version":[{"id":57421,"href":"https:\/\/www.abi.it\/en\/wp-json\/wp\/v2\/posts\/57412\/revisions\/57421"}],"wp:featuredmedia":[{"embeddable":true,"href":"https:\/\/www.abi.it\/en\/wp-json\/wp\/v2\/media\/55667"}],"wp:attachment":[{"href":"https:\/\/www.abi.it\/en\/wp-json\/wp\/v2\/media?parent=57412"}],"wp:term":[{"taxonomy":"category","embeddable":true,"href":"https:\/\/www.abi.it\/en\/wp-json\/wp\/v2\/categories?post=57412"},{"taxonomy":"post_tag","embeddable":true,"href":"https:\/\/www.abi.it\/en\/wp-json\/wp\/v2\/tags?post=57412"}],"curies":[{"name":"wp","href":"https:\/\/api.w.org\/{rel}","templated":true}]}}